{"id":99,"date":"2012-02-23T10:00:04","date_gmt":"2012-02-23T10:00:04","guid":{"rendered":"http:\/\/www.aperodedenis.com\/blog\/?p=99"},"modified":"2019-05-23T05:51:51","modified_gmt":"2019-05-23T05:51:51","slug":"23-fevrier-2-mars-2013-bonneval-sur-arc","status":"publish","type":"post","link":"https:\/\/www.aperodedenis.com\/?p=99","title":{"rendered":"23 f\u00e9vrier &#8211; 2 mars 2013, Bonneval-sur-Arc"},"content":{"rendered":"<p>Monique vous propose une semaine \u00e0 la neige \u00e0 Bonneval-Sur-Arc (village class\u00e9, dans les alpes du Nord, vall\u00e9e Maurienne) du <span style=\"color: #88C33E;\"><strong>samedi 23 f\u00e9vrier au 2 mars 2013<\/strong><\/span>, en g\u00eete d&rsquo;\u00e9tape 1\/2 pension (40\u20ac\/pers\/jour, chambres 2-&gt; 6).<\/p>\n<p>Ski alpin &#8211; fond &#8211; raquettes<\/p>\n<p>Une douzaine de places environ, appelez Monique vite &#8211; \u00e7\u00e0 va glisser ! tous ensemble !<\/p>\n","protected":false},"excerpt":{"rendered":"<p>Monique vous propose une semaine \u00e0 la neige \u00e0 Bonneval-Sur-Arc (village class\u00e9, dans les alpes du Nord, vall\u00e9e Maurienne) du samedi 23 f\u00e9vrier au 2 mars 2013, en g\u00eete d&rsquo;\u00e9tape 1\/2 pension (40\u20ac\/pers\/jour, chambres 2-&gt; 6). Ski alpin &#8211; fond &hellip; <a href=\"https:\/\/www.aperodedenis.com\/?p=99\">Continuer la lecture <span class=\"meta-nav\">&rarr;<\/span><\/a><\/p>\n","protected":false},"author":1,"featured_media":0,"comment_status":"closed","ping_status":"closed","sticky":false,"template":"","format":"standard","meta":{"footnotes":""},"categories":[3],"tags":[],"class_list":["post-99","post","type-post","status-publish","format-standard","hentry","category-transports"],"_links":{"self":[{"href":"https:\/\/www.aperodedenis.com\/index.php?rest_route=\/wp\/v2\/posts\/99","targetHints":{"allow":["GET"]}}],"collection":[{"href":"https:\/\/www.aperodedenis.com\/index.php?rest_route=\/wp\/v2\/posts"}],"about":[{"href":"https:\/\/www.aperodedenis.com\/index.php?rest_route=\/wp\/v2\/types\/post"}],"author":[{"embeddable":true,"href":"https:\/\/www.aperodedenis.com\/index.php?rest_route=\/wp\/v2\/users\/1"}],"replies":[{"embeddable":true,"href":"https:\/\/www.aperodedenis.com\/index.php?rest_route=%2Fwp%2Fv2%2Fcomments&post=99"}],"version-history":[{"count":10,"href":"https:\/\/www.aperodedenis.com\/index.php?rest_route=\/wp\/v2\/posts\/99\/revisions"}],"predecessor-version":[{"id":242,"href":"https:\/\/www.aperodedenis.com\/index.php?rest_route=\/wp\/v2\/posts\/99\/revisions\/242"}],"wp:attachment":[{"href":"https:\/\/www.aperodedenis.com\/index.php?rest_route=%2Fwp%2Fv2%2Fmedia&parent=99"}],"wp:term":[{"taxonomy":"category","embeddable":true,"href":"https:\/\/www.aperodedenis.com\/index.php?rest_route=%2Fwp%2Fv2%2Fcategories&post=99"},{"taxonomy":"post_tag","embeddable":true,"href":"https:\/\/www.aperodedenis.com\/index.php?rest_route=%2Fwp%2Fv2%2Ftags&post=99"}],"curies":[{"name":"wp","href":"https:\/\/api.w.org\/{rel}","templated":true}]}}