{"id":959,"date":"2021-05-28T19:01:21","date_gmt":"2021-05-28T19:01:21","guid":{"rendered":"http:\/\/www.aperodedenis.com\/?p=959"},"modified":"2024-01-15T16:44:38","modified_gmt":"2024-01-15T16:44:38","slug":"soiree-conte-avec-mona-le-7-octobre","status":"publish","type":"post","link":"https:\/\/www.aperodedenis.com\/?p=959","title":{"rendered":"Soir\u00e9e conte, avec Mona, le 7 octobre 2021"},"content":{"rendered":"\n<p> JEUDI 7 OCTOBRE, 20H30, \u00e0 la HALLE AUX GRAINS de PAVILLY, place d&rsquo; ESNEVAL.&nbsp;<br>N&rsquo;h\u00e9sitez  pas,venez avec des amis,&nbsp; c&rsquo;est un spectacle cont\u00e9 d&rsquo;1h environ ,  compl\u00e8tement dans l&rsquo;air de notre temps. <\/p>\n\n\n\n<p>C&rsquo;est GRATUIT mais vous pouvez r\u00e9server :  02 35 91 83 00 Pr\u00e9cisez:\u00a0 pour le spectacle: AH! Les Filles jeudi 7 <\/p>\n\n\n\n<p>Passe sanitaire probablement n\u00e9cessaire.<\/p>\n\n\n\n<figure class=\"wp-block-image\"><img loading=\"lazy\" decoding=\"async\" width=\"568\" height=\"426\" src=\"https:\/\/www.aperodedenis.com\/wp-content\/uploads\/1.jpg\" alt=\"\" class=\"wp-image-254\" srcset=\"https:\/\/www.aperodedenis.com\/wp-content\/uploads\/1.jpg 568w, https:\/\/www.aperodedenis.com\/wp-content\/uploads\/1-300x225.jpg 300w\" sizes=\"auto, (max-width: 568px) 100vw, 568px\" \/><\/figure>\n","protected":false},"excerpt":{"rendered":"<p>JEUDI 7 OCTOBRE, 20H30, \u00e0 la HALLE AUX GRAINS de PAVILLY, place d&rsquo; ESNEVAL.&nbsp;N&rsquo;h\u00e9sitez pas,venez avec des amis,&nbsp; c&rsquo;est un spectacle cont\u00e9 d&rsquo;1h environ , compl\u00e8tement dans l&rsquo;air de notre temps. C&rsquo;est GRATUIT mais vous pouvez r\u00e9server : 02 35 &hellip; <a href=\"https:\/\/www.aperodedenis.com\/?p=959\">Continuer la lecture <span class=\"meta-nav\">&rarr;<\/span><\/a><\/p>\n","protected":false},"author":1,"featured_media":0,"comment_status":"closed","ping_status":"closed","sticky":false,"template":"","format":"standard","meta":{"footnotes":""},"categories":[3],"tags":[],"class_list":["post-959","post","type-post","status-publish","format-standard","hentry","category-transports"],"_links":{"self":[{"href":"https:\/\/www.aperodedenis.com\/index.php?rest_route=\/wp\/v2\/posts\/959","targetHints":{"allow":["GET"]}}],"collection":[{"href":"https:\/\/www.aperodedenis.com\/index.php?rest_route=\/wp\/v2\/posts"}],"about":[{"href":"https:\/\/www.aperodedenis.com\/index.php?rest_route=\/wp\/v2\/types\/post"}],"author":[{"embeddable":true,"href":"https:\/\/www.aperodedenis.com\/index.php?rest_route=\/wp\/v2\/users\/1"}],"replies":[{"embeddable":true,"href":"https:\/\/www.aperodedenis.com\/index.php?rest_route=%2Fwp%2Fv2%2Fcomments&post=959"}],"version-history":[{"count":4,"href":"https:\/\/www.aperodedenis.com\/index.php?rest_route=\/wp\/v2\/posts\/959\/revisions"}],"predecessor-version":[{"id":1612,"href":"https:\/\/www.aperodedenis.com\/index.php?rest_route=\/wp\/v2\/posts\/959\/revisions\/1612"}],"wp:attachment":[{"href":"https:\/\/www.aperodedenis.com\/index.php?rest_route=%2Fwp%2Fv2%2Fmedia&parent=959"}],"wp:term":[{"taxonomy":"category","embeddable":true,"href":"https:\/\/www.aperodedenis.com\/index.php?rest_route=%2Fwp%2Fv2%2Fcategories&post=959"},{"taxonomy":"post_tag","embeddable":true,"href":"https:\/\/www.aperodedenis.com\/index.php?rest_route=%2Fwp%2Fv2%2Ftags&post=959"}],"curies":[{"name":"wp","href":"https:\/\/api.w.org\/{rel}","templated":true}]}}