{"id":948,"date":"2021-05-20T16:30:57","date_gmt":"2021-05-20T16:30:57","guid":{"rendered":"http:\/\/www.aperodedenis.com\/?p=948"},"modified":"2024-01-15T16:44:17","modified_gmt":"2024-01-15T16:44:17","slug":"premier-octobre-apero-chez-isabelle-et-francois","status":"publish","type":"post","link":"https:\/\/www.aperodedenis.com\/?p=948","title":{"rendered":"Premier octobre 2021 : ap\u00e9ro chez Isabelle et Fran\u00e7ois"},"content":{"rendered":"\n<p>Premier ap\u00e9ro chez Isabelle et Fran\u00e7ois vendredi premier octobre !<\/p>\n\n\n\n<p>A partir de 19h.<\/p>\n\n\n\n<p> Demandez l&rsquo;adresse \u00e0 Denis&#8230;<\/p>\n","protected":false},"excerpt":{"rendered":"<p>Premier ap\u00e9ro chez Isabelle et Fran\u00e7ois vendredi premier octobre ! A partir de 19h. Demandez l&rsquo;adresse \u00e0 Denis&#8230;<\/p>\n","protected":false},"author":1,"featured_media":0,"comment_status":"closed","ping_status":"closed","sticky":false,"template":"","format":"standard","meta":{"footnotes":""},"categories":[3],"tags":[],"class_list":["post-948","post","type-post","status-publish","format-standard","hentry","category-transports"],"_links":{"self":[{"href":"https:\/\/www.aperodedenis.com\/index.php?rest_route=\/wp\/v2\/posts\/948","targetHints":{"allow":["GET"]}}],"collection":[{"href":"https:\/\/www.aperodedenis.com\/index.php?rest_route=\/wp\/v2\/posts"}],"about":[{"href":"https:\/\/www.aperodedenis.com\/index.php?rest_route=\/wp\/v2\/types\/post"}],"author":[{"embeddable":true,"href":"https:\/\/www.aperodedenis.com\/index.php?rest_route=\/wp\/v2\/users\/1"}],"replies":[{"embeddable":true,"href":"https:\/\/www.aperodedenis.com\/index.php?rest_route=%2Fwp%2Fv2%2Fcomments&post=948"}],"version-history":[{"count":3,"href":"https:\/\/www.aperodedenis.com\/index.php?rest_route=\/wp\/v2\/posts\/948\/revisions"}],"predecessor-version":[{"id":1614,"href":"https:\/\/www.aperodedenis.com\/index.php?rest_route=\/wp\/v2\/posts\/948\/revisions\/1614"}],"wp:attachment":[{"href":"https:\/\/www.aperodedenis.com\/index.php?rest_route=%2Fwp%2Fv2%2Fmedia&parent=948"}],"wp:term":[{"taxonomy":"category","embeddable":true,"href":"https:\/\/www.aperodedenis.com\/index.php?rest_route=%2Fwp%2Fv2%2Fcategories&post=948"},{"taxonomy":"post_tag","embeddable":true,"href":"https:\/\/www.aperodedenis.com\/index.php?rest_route=%2Fwp%2Fv2%2Ftags&post=948"}],"curies":[{"name":"wp","href":"https:\/\/api.w.org\/{rel}","templated":true}]}}