{"id":896,"date":"2021-06-08T10:11:12","date_gmt":"2021-06-08T10:11:12","guid":{"rendered":"http:\/\/www.aperodedenis.com\/?p=896"},"modified":"2022-04-18T19:52:43","modified_gmt":"2022-04-18T19:52:43","slug":"christine-invite","status":"publish","type":"post","link":"https:\/\/www.aperodedenis.com\/?p=896","title":{"rendered":"Christine invite le samedi 26 et le dimanche 27 juin 2021 !"},"content":{"rendered":"\n<p>Samedi 26 Christine f\u00eate son anniv ! Venez nombreux !  Christine vous accueille samedi \u00e0 partir de 15h. Ping pong, p\u00e9tanque, bain de mer, jeux de soci\u00e9t\u00e9&#8230;. Barbecue puis soir\u00e9e dansante, toute la nuit&#8230;<\/p>\n\n\n\n<p>Dimanche 27 v\u00e9lo rail vers Etretat puis ballade sur la falaise ou, si vous pr\u00e9f\u00e9rez, ballade vers Yport.<\/p>\n\n\n\n<p>Le gite d&rsquo;\u00e9tape est r\u00e9serv\u00e9 \u00e0 Vattetot sur mer, chemin de la vall\u00e9e. Annoncez-vous aupr\u00e8s de Christine.<\/p>\n\n\n\n<p><em>pr\u00e9cisions : co\u00fbt de la soir\u00e9e au  gite : 15\u20ac  par personne, m\u00eame pour les camping car, co\u00fbt du v\u00e9lo rail : entre 7 et 14 \u20ac suivant le nombre de p\u00e9daleurs. Le gite des amis de la nature est le long du  chemin de la vall\u00e9e, qui suis une valleuse : le remonter, car la descente est impraticable en voiture.<\/em> Amener des victuailles \u00e0 griller pour le barbecue du samedi et un pique nique pour dimanche midi.<\/p>\n\n\n\n<figure class=\"wp-block-image\"><img loading=\"lazy\" decoding=\"async\" width=\"1008\" height=\"756\" src=\"https:\/\/www.aperodedenis.com\/wp-content\/uploads\/Yport_Apero.jpg\" alt=\"\" class=\"wp-image-912\" srcset=\"https:\/\/www.aperodedenis.com\/wp-content\/uploads\/Yport_Apero.jpg 1008w, https:\/\/www.aperodedenis.com\/wp-content\/uploads\/Yport_Apero-300x225.jpg 300w, https:\/\/www.aperodedenis.com\/wp-content\/uploads\/Yport_Apero-768x576.jpg 768w\" sizes=\"auto, (max-width: 1008px) 100vw, 1008px\" \/><\/figure>\n\n\n\n<p>Les randonneurs : Cricri, Jean-Yves,Thierry,Christine,Richard,Marie-Claire,Isabelle,Guy,Emmy,V\u00e9ronique,Cl\u00e9ment,Denis,Mich\u00e8le,Colette<\/p>\n\n\n\n<p> <img loading=\"lazy\" decoding=\"async\" width=\"150\" height=\"85\" class=\"wp-image-908\" style=\"width: 150px;\" src=\"https:\/\/www.aperodedenis.com\/wp-content\/uploads\/tous.gif\" alt=\"\"><img loading=\"lazy\" decoding=\"async\" width=\"150\" height=\"200\" class=\"wp-image-907\" style=\"width: 150px;\" src=\"https:\/\/www.aperodedenis.com\/wp-content\/uploads\/Resized_20210612_144210.jpeg\" alt=\"\" srcset=\"https:\/\/www.aperodedenis.com\/wp-content\/uploads\/Resized_20210612_144210.jpeg 720w, https:\/\/www.aperodedenis.com\/wp-content\/uploads\/Resized_20210612_144210-225x300.jpeg 225w\" sizes=\"auto, (max-width: 150px) 100vw, 150px\" \/><img loading=\"lazy\" decoding=\"async\" width=\"150\" height=\"120\" class=\"wp-image-905\" style=\"width: 150px;\" src=\"https:\/\/www.aperodedenis.com\/wp-content\/uploads\/Flore-et-Thierry.gif\" alt=\"\"><img loading=\"lazy\" decoding=\"async\" width=\"150\" height=\"200\" class=\"wp-image-906\" style=\"width: 150px;\" src=\"https:\/\/www.aperodedenis.com\/wp-content\/uploads\/Resized_20210612_130928.jpeg\" alt=\"\" srcset=\"https:\/\/www.aperodedenis.com\/wp-content\/uploads\/Resized_20210612_130928.jpeg 720w, https:\/\/www.aperodedenis.com\/wp-content\/uploads\/Resized_20210612_130928-225x300.jpeg 225w\" sizes=\"auto, (max-width: 150px) 100vw, 150px\" \/><\/p>\n","protected":false},"excerpt":{"rendered":"<p>Samedi 26 Christine f\u00eate son anniv ! Venez nombreux ! Christine vous accueille samedi \u00e0 partir de 15h. Ping pong, p\u00e9tanque, bain de mer, jeux de soci\u00e9t\u00e9&#8230;. Barbecue puis soir\u00e9e dansante, toute la nuit&#8230; Dimanche 27 v\u00e9lo rail vers Etretat &hellip; <a href=\"https:\/\/www.aperodedenis.com\/?p=896\">Continuer la lecture <span class=\"meta-nav\">&rarr;<\/span><\/a><\/p>\n","protected":false},"author":1,"featured_media":0,"comment_status":"closed","ping_status":"closed","sticky":false,"template":"","format":"standard","meta":{"footnotes":""},"categories":[3],"tags":[],"class_list":["post-896","post","type-post","status-publish","format-standard","hentry","category-transports"],"_links":{"self":[{"href":"https:\/\/www.aperodedenis.com\/index.php?rest_route=\/wp\/v2\/posts\/896","targetHints":{"allow":["GET"]}}],"collection":[{"href":"https:\/\/www.aperodedenis.com\/index.php?rest_route=\/wp\/v2\/posts"}],"about":[{"href":"https:\/\/www.aperodedenis.com\/index.php?rest_route=\/wp\/v2\/types\/post"}],"author":[{"embeddable":true,"href":"https:\/\/www.aperodedenis.com\/index.php?rest_route=\/wp\/v2\/users\/1"}],"replies":[{"embeddable":true,"href":"https:\/\/www.aperodedenis.com\/index.php?rest_route=%2Fwp%2Fv2%2Fcomments&post=896"}],"version-history":[{"count":10,"href":"https:\/\/www.aperodedenis.com\/index.php?rest_route=\/wp\/v2\/posts\/896\/revisions"}],"predecessor-version":[{"id":1129,"href":"https:\/\/www.aperodedenis.com\/index.php?rest_route=\/wp\/v2\/posts\/896\/revisions\/1129"}],"wp:attachment":[{"href":"https:\/\/www.aperodedenis.com\/index.php?rest_route=%2Fwp%2Fv2%2Fmedia&parent=896"}],"wp:term":[{"taxonomy":"category","embeddable":true,"href":"https:\/\/www.aperodedenis.com\/index.php?rest_route=%2Fwp%2Fv2%2Fcategories&post=896"},{"taxonomy":"post_tag","embeddable":true,"href":"https:\/\/www.aperodedenis.com\/index.php?rest_route=%2Fwp%2Fv2%2Ftags&post=896"}],"curies":[{"name":"wp","href":"https:\/\/api.w.org\/{rel}","templated":true}]}}