{"id":893,"date":"2021-06-09T14:22:31","date_gmt":"2021-06-09T14:22:31","guid":{"rendered":"http:\/\/www.aperodedenis.com\/?p=893"},"modified":"2024-01-15T16:37:56","modified_gmt":"2024-01-15T16:37:56","slug":"retour-des-aperos","status":"publish","type":"post","link":"https:\/\/www.aperodedenis.com\/?p=893","title":{"rendered":"Retour des ap\u00e9ros le 11 juin 2021 !!!"},"content":{"rendered":"\n<p>Christine organise une promenade ! Samedi 12 juin 2021 !<\/p>\n\n\n\n<p>D&rsquo;Yport \u00e0 Etretat, tr\u00e8s jolie ballade !<\/p>\n\n\n\n<p>Avec transport d&rsquo;ap\u00e9ro le vendredi 11 juin \u00e0 cot\u00e9 d&rsquo;Yport&#8230;. Mais il faut amener sa tente  pas de gite pr\u00e9vu&#8230;<\/p>\n\n\n\n<p>Pour tout renseignement contacter Christine&#8230;.<\/p>\n\n\n\n<figure class=\"wp-block-image\"><img decoding=\"async\" src=\"https:\/\/external-content.duckduckgo.com\/iu\/?u=http%3A%2F%2Fwww.a-taste-of-france.com%2Fimages%2Fyport-003.jpg&amp;f=1&amp;nofb=1\" alt=\"Yport,photos and guide to the fishing port in Normandy\"\/><\/figure>\n","protected":false},"excerpt":{"rendered":"<p>Christine organise une promenade ! Samedi 12 juin 2021 ! D&rsquo;Yport \u00e0 Etretat, tr\u00e8s jolie ballade ! Avec transport d&rsquo;ap\u00e9ro le vendredi 11 juin \u00e0 cot\u00e9 d&rsquo;Yport&#8230;. Mais il faut amener sa tente pas de gite pr\u00e9vu&#8230; Pour tout renseignement &hellip; <a href=\"https:\/\/www.aperodedenis.com\/?p=893\">Continuer la lecture <span class=\"meta-nav\">&rarr;<\/span><\/a><\/p>\n","protected":false},"author":1,"featured_media":0,"comment_status":"closed","ping_status":"closed","sticky":false,"template":"","format":"standard","meta":{"footnotes":""},"categories":[3],"tags":[],"class_list":["post-893","post","type-post","status-publish","format-standard","hentry","category-transports"],"_links":{"self":[{"href":"https:\/\/www.aperodedenis.com\/index.php?rest_route=\/wp\/v2\/posts\/893","targetHints":{"allow":["GET"]}}],"collection":[{"href":"https:\/\/www.aperodedenis.com\/index.php?rest_route=\/wp\/v2\/posts"}],"about":[{"href":"https:\/\/www.aperodedenis.com\/index.php?rest_route=\/wp\/v2\/types\/post"}],"author":[{"embeddable":true,"href":"https:\/\/www.aperodedenis.com\/index.php?rest_route=\/wp\/v2\/users\/1"}],"replies":[{"embeddable":true,"href":"https:\/\/www.aperodedenis.com\/index.php?rest_route=%2Fwp%2Fv2%2Fcomments&post=893"}],"version-history":[{"count":2,"href":"https:\/\/www.aperodedenis.com\/index.php?rest_route=\/wp\/v2\/posts\/893\/revisions"}],"predecessor-version":[{"id":1607,"href":"https:\/\/www.aperodedenis.com\/index.php?rest_route=\/wp\/v2\/posts\/893\/revisions\/1607"}],"wp:attachment":[{"href":"https:\/\/www.aperodedenis.com\/index.php?rest_route=%2Fwp%2Fv2%2Fmedia&parent=893"}],"wp:term":[{"taxonomy":"category","embeddable":true,"href":"https:\/\/www.aperodedenis.com\/index.php?rest_route=%2Fwp%2Fv2%2Fcategories&post=893"},{"taxonomy":"post_tag","embeddable":true,"href":"https:\/\/www.aperodedenis.com\/index.php?rest_route=%2Fwp%2Fv2%2Ftags&post=893"}],"curies":[{"name":"wp","href":"https:\/\/api.w.org\/{rel}","templated":true}]}}