{"id":855,"date":"2020-11-06T12:21:02","date_gmt":"2020-11-06T12:21:02","guid":{"rendered":"http:\/\/www.aperodedenis.com\/?p=855"},"modified":"2024-01-15T16:50:36","modified_gmt":"2024-01-15T16:50:36","slug":"apero-contes-le-6-novembre","status":"publish","type":"post","link":"https:\/\/www.aperodedenis.com\/?p=855","title":{"rendered":"Ap\u00e9ro contes le 6 novembre 2020 ! Report\u00e9&#8230;"},"content":{"rendered":"\n<p>couvre feu&#8230;.. Confinement&#8230; Annulation&#8230;<\/p>\n\n\n\n<p>L&rsquo;Ap\u00e9ro \u00ab\u00a0contes\u00a0\u00bb chez Evelyne le 6 novembre est report\u00e9 \u00e0 des jours meilleurs&#8230;<\/p>\n\n\n\n<p>Pr\u00e9parez un conte ! Nous serons content de l&rsquo;\u00e9couter&#8230; lorsque le temps sera venu&#8230;<\/p>\n\n\n\n<p>Venez aussi sans conte :  l&rsquo;essentiel est d&rsquo;\u00eatre pr\u00e9sent&#8230;<\/p>\n\n\n\n<p>Pr\u00e9cision : pas d&rsquo;ap\u00e9ro le vendredi 6 novembre.<\/p>\n\n\n\n<p><\/p>\n\n\n\n<figure class=\"wp-block-image\"><img loading=\"lazy\" decoding=\"async\" width=\"1024\" height=\"768\" src=\"https:\/\/www.aperodedenis.com\/wp-content\/uploads\/munae_4-1024x768.jpg\" alt=\"\" class=\"wp-image-339\" srcset=\"https:\/\/www.aperodedenis.com\/wp-content\/uploads\/munae_4-1024x768.jpg 1024w, https:\/\/www.aperodedenis.com\/wp-content\/uploads\/munae_4-300x225.jpg 300w, https:\/\/www.aperodedenis.com\/wp-content\/uploads\/munae_4-768x576.jpg 768w, https:\/\/www.aperodedenis.com\/wp-content\/uploads\/munae_4.jpg 1984w\" sizes=\"auto, (max-width: 1024px) 100vw, 1024px\" \/><\/figure>\n","protected":false},"excerpt":{"rendered":"<p>couvre feu&#8230;.. Confinement&#8230; Annulation&#8230; L&rsquo;Ap\u00e9ro \u00ab\u00a0contes\u00a0\u00bb chez Evelyne le 6 novembre est report\u00e9 \u00e0 des jours meilleurs&#8230; Pr\u00e9parez un conte ! Nous serons content de l&rsquo;\u00e9couter&#8230; lorsque le temps sera venu&#8230; Venez aussi sans conte : l&rsquo;essentiel est d&rsquo;\u00eatre pr\u00e9sent&#8230; &hellip; <a href=\"https:\/\/www.aperodedenis.com\/?p=855\">Continuer la lecture <span class=\"meta-nav\">&rarr;<\/span><\/a><\/p>\n","protected":false},"author":1,"featured_media":0,"comment_status":"closed","ping_status":"closed","sticky":false,"template":"","format":"standard","meta":{"footnotes":""},"categories":[3],"tags":[],"class_list":["post-855","post","type-post","status-publish","format-standard","hentry","category-transports"],"_links":{"self":[{"href":"https:\/\/www.aperodedenis.com\/index.php?rest_route=\/wp\/v2\/posts\/855","targetHints":{"allow":["GET"]}}],"collection":[{"href":"https:\/\/www.aperodedenis.com\/index.php?rest_route=\/wp\/v2\/posts"}],"about":[{"href":"https:\/\/www.aperodedenis.com\/index.php?rest_route=\/wp\/v2\/types\/post"}],"author":[{"embeddable":true,"href":"https:\/\/www.aperodedenis.com\/index.php?rest_route=\/wp\/v2\/users\/1"}],"replies":[{"embeddable":true,"href":"https:\/\/www.aperodedenis.com\/index.php?rest_route=%2Fwp%2Fv2%2Fcomments&post=855"}],"version-history":[{"count":6,"href":"https:\/\/www.aperodedenis.com\/index.php?rest_route=\/wp\/v2\/posts\/855\/revisions"}],"predecessor-version":[{"id":1620,"href":"https:\/\/www.aperodedenis.com\/index.php?rest_route=\/wp\/v2\/posts\/855\/revisions\/1620"}],"wp:attachment":[{"href":"https:\/\/www.aperodedenis.com\/index.php?rest_route=%2Fwp%2Fv2%2Fmedia&parent=855"}],"wp:term":[{"taxonomy":"category","embeddable":true,"href":"https:\/\/www.aperodedenis.com\/index.php?rest_route=%2Fwp%2Fv2%2Fcategories&post=855"},{"taxonomy":"post_tag","embeddable":true,"href":"https:\/\/www.aperodedenis.com\/index.php?rest_route=%2Fwp%2Fv2%2Ftags&post=855"}],"curies":[{"name":"wp","href":"https:\/\/api.w.org\/{rel}","templated":true}]}}