{"id":848,"date":"2020-11-13T18:43:12","date_gmt":"2020-11-13T18:43:12","guid":{"rendered":"http:\/\/www.aperodedenis.com\/?p=848"},"modified":"2024-01-16T13:50:40","modified_gmt":"2024-01-16T13:50:40","slug":"vendredi-13-en-novembre-apero-ro-tea-chez-pierre","status":"publish","type":"post","link":"https:\/\/www.aperodedenis.com\/?p=848","title":{"rendered":"Vendredi 13 en novembre 2020 : Ap\u00e9ro r\u00f4ti chez Pierre &#8230;              Votre attention please ! Confinement oblige : annul\u00e9 !"},"content":{"rendered":"\n<p><\/p>\n\n\n\n<p>Le couvre feu va malheureusement interrompre l&rsquo;ap\u00e9ro et les transports d&rsquo;ap\u00e9ro&#8230; <\/p>\n\n\n\n<p>Exceptionnellement, pour ce vendredi 13, l&rsquo;ap\u00e9roDeDenis devient le th\u00e9 de Denis, at tea time : five o clock, 17h en bon fran\u00e7ais de France ! Pierre pr\u00e9parera un r\u00f4ti que nous d\u00e9gusterons avant 20h30, heure finale du th\u00e9 !<\/p>\n\n\n\n<p>L&rsquo;ap\u00e9-roti devient l&rsquo;ap\u00e9ro-tea&#8230; eh non !<\/p>\n\n\n\n<figure class=\"wp-block-image is-resized\"><img loading=\"lazy\" decoding=\"async\" src=\"https:\/\/www.aperodedenis.com\/wp-content\/uploads\/triste1-e1571299363640.jpg\" alt=\"\" class=\"wp-image-409\" width=\"87\" height=\"87\"\/><\/figure>\n\n\n\n<p><\/p>\n\n\n\n<figure class=\"wp-block-image\"><img loading=\"lazy\" decoding=\"async\" width=\"400\" height=\"267\" src=\"https:\/\/www.aperodedenis.com\/wp-content\/uploads\/Roti-de-boeuf-cuit.jpg\" alt=\"\" class=\"wp-image-403\" srcset=\"https:\/\/www.aperodedenis.com\/wp-content\/uploads\/Roti-de-boeuf-cuit.jpg 400w, https:\/\/www.aperodedenis.com\/wp-content\/uploads\/Roti-de-boeuf-cuit-300x200.jpg 300w\" sizes=\"auto, (max-width: 400px) 100vw, 400px\" \/><\/figure>\n","protected":false},"excerpt":{"rendered":"<p>Le couvre feu va malheureusement interrompre l&rsquo;ap\u00e9ro et les transports d&rsquo;ap\u00e9ro&#8230; Exceptionnellement, pour ce vendredi 13, l&rsquo;ap\u00e9roDeDenis devient le th\u00e9 de Denis, at tea time : five o clock, 17h en bon fran\u00e7ais de France ! Pierre pr\u00e9parera un r\u00f4ti &hellip; <a href=\"https:\/\/www.aperodedenis.com\/?p=848\">Continuer la lecture <span class=\"meta-nav\">&rarr;<\/span><\/a><\/p>\n","protected":false},"author":1,"featured_media":0,"comment_status":"closed","ping_status":"closed","sticky":false,"template":"","format":"standard","meta":{"footnotes":""},"categories":[3],"tags":[],"class_list":["post-848","post","type-post","status-publish","format-standard","hentry","category-transports"],"_links":{"self":[{"href":"https:\/\/www.aperodedenis.com\/index.php?rest_route=\/wp\/v2\/posts\/848","targetHints":{"allow":["GET"]}}],"collection":[{"href":"https:\/\/www.aperodedenis.com\/index.php?rest_route=\/wp\/v2\/posts"}],"about":[{"href":"https:\/\/www.aperodedenis.com\/index.php?rest_route=\/wp\/v2\/types\/post"}],"author":[{"embeddable":true,"href":"https:\/\/www.aperodedenis.com\/index.php?rest_route=\/wp\/v2\/users\/1"}],"replies":[{"embeddable":true,"href":"https:\/\/www.aperodedenis.com\/index.php?rest_route=%2Fwp%2Fv2%2Fcomments&post=848"}],"version-history":[{"count":11,"href":"https:\/\/www.aperodedenis.com\/index.php?rest_route=\/wp\/v2\/posts\/848\/revisions"}],"predecessor-version":[{"id":1670,"href":"https:\/\/www.aperodedenis.com\/index.php?rest_route=\/wp\/v2\/posts\/848\/revisions\/1670"}],"wp:attachment":[{"href":"https:\/\/www.aperodedenis.com\/index.php?rest_route=%2Fwp%2Fv2%2Fmedia&parent=848"}],"wp:term":[{"taxonomy":"category","embeddable":true,"href":"https:\/\/www.aperodedenis.com\/index.php?rest_route=%2Fwp%2Fv2%2Fcategories&post=848"},{"taxonomy":"post_tag","embeddable":true,"href":"https:\/\/www.aperodedenis.com\/index.php?rest_route=%2Fwp%2Fv2%2Ftags&post=848"}],"curies":[{"name":"wp","href":"https:\/\/api.w.org\/{rel}","templated":true}]}}