{"id":802,"date":"2020-04-04T16:35:15","date_gmt":"2020-04-04T16:35:15","guid":{"rendered":"http:\/\/www.aperodedenis.com\/?p=802"},"modified":"2024-01-15T16:51:59","modified_gmt":"2024-01-15T16:51:59","slug":"a-la-fin-du-confinement-tous-a-la-campagne","status":"publish","type":"post","link":"https:\/\/www.aperodedenis.com\/?p=802","title":{"rendered":"Reprise des ap\u00e9ros le 26 juin 2020 chez Marie et Jean-Michel !"},"content":{"rendered":"\n<p>Marie et Jean Michel proposent un ap\u00e9ro dans leur grand jardin, nous f\u00eaterons le d\u00e9confinement tous ensemble et en plein air le  26 juin !<\/p>\n\n\n\n<p>Psychologiquement cela va faire un choc !<\/p>\n\n\n\n<figure class=\"wp-block-image\"><img decoding=\"async\" src=\"https:\/\/i2.wp.com\/www.taxesejour.fr\/wp-content\/uploads\/2018\/01\/campagnedecaux.jpg?fit=1030%2C515&amp;ssl=1\" alt=\"Campagne de Caux - Le site de la Taxe de s\u00e9jour\"\/><\/figure>\n","protected":false},"excerpt":{"rendered":"<p>Marie et Jean Michel proposent un ap\u00e9ro dans leur grand jardin, nous f\u00eaterons le d\u00e9confinement tous ensemble et en plein air le 26 juin ! Psychologiquement cela va faire un choc !<\/p>\n","protected":false},"author":1,"featured_media":0,"comment_status":"closed","ping_status":"closed","sticky":false,"template":"","format":"standard","meta":{"footnotes":""},"categories":[3],"tags":[],"class_list":["post-802","post","type-post","status-publish","format-standard","hentry","category-transports"],"_links":{"self":[{"href":"https:\/\/www.aperodedenis.com\/index.php?rest_route=\/wp\/v2\/posts\/802","targetHints":{"allow":["GET"]}}],"collection":[{"href":"https:\/\/www.aperodedenis.com\/index.php?rest_route=\/wp\/v2\/posts"}],"about":[{"href":"https:\/\/www.aperodedenis.com\/index.php?rest_route=\/wp\/v2\/types\/post"}],"author":[{"embeddable":true,"href":"https:\/\/www.aperodedenis.com\/index.php?rest_route=\/wp\/v2\/users\/1"}],"replies":[{"embeddable":true,"href":"https:\/\/www.aperodedenis.com\/index.php?rest_route=%2Fwp%2Fv2%2Fcomments&post=802"}],"version-history":[{"count":14,"href":"https:\/\/www.aperodedenis.com\/index.php?rest_route=\/wp\/v2\/posts\/802\/revisions"}],"predecessor-version":[{"id":1634,"href":"https:\/\/www.aperodedenis.com\/index.php?rest_route=\/wp\/v2\/posts\/802\/revisions\/1634"}],"wp:attachment":[{"href":"https:\/\/www.aperodedenis.com\/index.php?rest_route=%2Fwp%2Fv2%2Fmedia&parent=802"}],"wp:term":[{"taxonomy":"category","embeddable":true,"href":"https:\/\/www.aperodedenis.com\/index.php?rest_route=%2Fwp%2Fv2%2Fcategories&post=802"},{"taxonomy":"post_tag","embeddable":true,"href":"https:\/\/www.aperodedenis.com\/index.php?rest_route=%2Fwp%2Fv2%2Ftags&post=802"}],"curies":[{"name":"wp","href":"https:\/\/api.w.org\/{rel}","templated":true}]}}