{"id":661,"date":"2019-09-27T19:25:06","date_gmt":"2019-09-27T19:25:06","guid":{"rendered":"http:\/\/www.aperodedenis.com\/?p=661"},"modified":"2024-01-15T16:54:57","modified_gmt":"2024-01-15T16:54:57","slug":"apero-du-vendredi-27-septembre","status":"publish","type":"post","link":"https:\/\/www.aperodedenis.com\/?p=661","title":{"rendered":"Ap\u00e9ro du samedi 28 septembre 2019 : transport spatio-temporel"},"content":{"rendered":"\n<p>Pas d&rsquo;ap\u00e9ro le vendredi 27 septembre&#8230;<\/p>\n\n\n\n<p>Transport spatio temporel le samedi 28 chez Colette et Richard, apr\u00e8s la ballade organis\u00e9e par Christine le matin \u00e0 partir de 10h&#8230;.<\/p>\n\n\n\n<p>Pour l&rsquo;adresse : renseignement aupr\u00e8s de Colette, Denis ou Christine<\/p>\n\n\n\n<p><\/p>\n","protected":false},"excerpt":{"rendered":"<p>Pas d&rsquo;ap\u00e9ro le vendredi 27 septembre&#8230; Transport spatio temporel le samedi 28 chez Colette et Richard, apr\u00e8s la ballade organis\u00e9e par Christine le matin \u00e0 partir de 10h&#8230;. Pour l&rsquo;adresse : renseignement aupr\u00e8s de Colette, Denis ou Christine<\/p>\n","protected":false},"author":1,"featured_media":0,"comment_status":"closed","ping_status":"closed","sticky":false,"template":"","format":"standard","meta":{"footnotes":""},"categories":[3],"tags":[],"class_list":["post-661","post","type-post","status-publish","format-standard","hentry","category-transports"],"_links":{"self":[{"href":"https:\/\/www.aperodedenis.com\/index.php?rest_route=\/wp\/v2\/posts\/661","targetHints":{"allow":["GET"]}}],"collection":[{"href":"https:\/\/www.aperodedenis.com\/index.php?rest_route=\/wp\/v2\/posts"}],"about":[{"href":"https:\/\/www.aperodedenis.com\/index.php?rest_route=\/wp\/v2\/types\/post"}],"author":[{"embeddable":true,"href":"https:\/\/www.aperodedenis.com\/index.php?rest_route=\/wp\/v2\/users\/1"}],"replies":[{"embeddable":true,"href":"https:\/\/www.aperodedenis.com\/index.php?rest_route=%2Fwp%2Fv2%2Fcomments&post=661"}],"version-history":[{"count":4,"href":"https:\/\/www.aperodedenis.com\/index.php?rest_route=\/wp\/v2\/posts\/661\/revisions"}],"predecessor-version":[{"id":1646,"href":"https:\/\/www.aperodedenis.com\/index.php?rest_route=\/wp\/v2\/posts\/661\/revisions\/1646"}],"wp:attachment":[{"href":"https:\/\/www.aperodedenis.com\/index.php?rest_route=%2Fwp%2Fv2%2Fmedia&parent=661"}],"wp:term":[{"taxonomy":"category","embeddable":true,"href":"https:\/\/www.aperodedenis.com\/index.php?rest_route=%2Fwp%2Fv2%2Fcategories&post=661"},{"taxonomy":"post_tag","embeddable":true,"href":"https:\/\/www.aperodedenis.com\/index.php?rest_route=%2Fwp%2Fv2%2Ftags&post=661"}],"curies":[{"name":"wp","href":"https:\/\/api.w.org\/{rel}","templated":true}]}}