{"id":652,"date":"2019-09-28T09:33:58","date_gmt":"2019-09-28T09:33:58","guid":{"rendered":"http:\/\/www.aperodedenis.com\/?p=652"},"modified":"2024-01-15T16:54:43","modified_gmt":"2024-01-15T16:54:43","slug":"sortie-pedestre-le-samedi-28-septembre","status":"publish","type":"post","link":"https:\/\/www.aperodedenis.com\/?p=652","title":{"rendered":"Sortie p\u00e9destre le samedi 28 septembre 2019"},"content":{"rendered":"\n<p>Christine nous invite le samedi 28 septembre \u00e0 une ballade de 20 km autour de chez elle.<\/p>\n\n\n\n<p>D\u00e9part 10h, avec un pique-nique.<\/p>\n\n\n\n<p>Possibilit\u00e9 de rester coucher chez Christine le soir.<\/p>\n\n\n\n<ul class=\"wp-block-gallery columns-1 is-cropped wp-block-gallery-1 is-layout-flex wp-block-gallery-is-layout-flex\"><li class=\"blocks-gallery-item\"><figure><img loading=\"lazy\" decoding=\"async\" width=\"800\" height=\"600\" src=\"https:\/\/www.aperodedenis.com\/wp-content\/uploads\/jumieges.jpg\" alt=\"\" data-id=\"328\" data-link=\"https:\/\/www.aperodedenis.com\/?attachment_id=328\" class=\"wp-image-328\" srcset=\"https:\/\/www.aperodedenis.com\/wp-content\/uploads\/jumieges.jpg 800w, https:\/\/www.aperodedenis.com\/wp-content\/uploads\/jumieges-300x225.jpg 300w, https:\/\/www.aperodedenis.com\/wp-content\/uploads\/jumieges-768x576.jpg 768w\" sizes=\"auto, (max-width: 800px) 100vw, 800px\" \/><\/figure><\/li><\/ul>\n","protected":false},"excerpt":{"rendered":"<p>Christine nous invite le samedi 28 septembre \u00e0 une ballade de 20 km autour de chez elle. D\u00e9part 10h, avec un pique-nique. Possibilit\u00e9 de rester coucher chez Christine le soir.<\/p>\n","protected":false},"author":1,"featured_media":0,"comment_status":"closed","ping_status":"closed","sticky":false,"template":"","format":"standard","meta":{"footnotes":""},"categories":[3],"tags":[],"class_list":["post-652","post","type-post","status-publish","format-standard","hentry","category-transports"],"_links":{"self":[{"href":"https:\/\/www.aperodedenis.com\/index.php?rest_route=\/wp\/v2\/posts\/652","targetHints":{"allow":["GET"]}}],"collection":[{"href":"https:\/\/www.aperodedenis.com\/index.php?rest_route=\/wp\/v2\/posts"}],"about":[{"href":"https:\/\/www.aperodedenis.com\/index.php?rest_route=\/wp\/v2\/types\/post"}],"author":[{"embeddable":true,"href":"https:\/\/www.aperodedenis.com\/index.php?rest_route=\/wp\/v2\/users\/1"}],"replies":[{"embeddable":true,"href":"https:\/\/www.aperodedenis.com\/index.php?rest_route=%2Fwp%2Fv2%2Fcomments&post=652"}],"version-history":[{"count":3,"href":"https:\/\/www.aperodedenis.com\/index.php?rest_route=\/wp\/v2\/posts\/652\/revisions"}],"predecessor-version":[{"id":1645,"href":"https:\/\/www.aperodedenis.com\/index.php?rest_route=\/wp\/v2\/posts\/652\/revisions\/1645"}],"wp:attachment":[{"href":"https:\/\/www.aperodedenis.com\/index.php?rest_route=%2Fwp%2Fv2%2Fmedia&parent=652"}],"wp:term":[{"taxonomy":"category","embeddable":true,"href":"https:\/\/www.aperodedenis.com\/index.php?rest_route=%2Fwp%2Fv2%2Fcategories&post=652"},{"taxonomy":"post_tag","embeddable":true,"href":"https:\/\/www.aperodedenis.com\/index.php?rest_route=%2Fwp%2Fv2%2Ftags&post=652"}],"curies":[{"name":"wp","href":"https:\/\/api.w.org\/{rel}","templated":true}]}}