{"id":565,"date":"2019-06-13T04:53:07","date_gmt":"2019-06-13T04:53:07","guid":{"rendered":"http:\/\/www.aperodedenis.com\/?p=565"},"modified":"2024-01-15T17:00:20","modified_gmt":"2024-01-15T17:00:20","slug":"pierre-et-vincent-chantent-le-14-juin","status":"publish","type":"post","link":"https:\/\/www.aperodedenis.com\/?p=565","title":{"rendered":"Pierre et Vincent chantent le 14 juin 2019 !"},"content":{"rendered":"\n<p>A pr\u00e9aux, en l&rsquo;\u00e9glise, \u00e0 20h30 avec Mon p&rsquo;tit choeur!<\/p>\n\n\n\n<figure class=\"wp-block-image\"><img loading=\"lazy\" decoding=\"async\" width=\"595\" height=\"842\" src=\"https:\/\/www.aperodedenis.com\/wp-content\/uploads\/image.png\" alt=\"\" class=\"wp-image-566\" srcset=\"https:\/\/www.aperodedenis.com\/wp-content\/uploads\/image.png 595w, https:\/\/www.aperodedenis.com\/wp-content\/uploads\/image-212x300.png 212w\" sizes=\"auto, (max-width: 595px) 100vw, 595px\" \/><\/figure>\n","protected":false},"excerpt":{"rendered":"<p>A pr\u00e9aux, en l&rsquo;\u00e9glise, \u00e0 20h30 avec Mon p&rsquo;tit choeur!<\/p>\n","protected":false},"author":1,"featured_media":0,"comment_status":"closed","ping_status":"closed","sticky":false,"template":"","format":"standard","meta":{"footnotes":""},"categories":[3],"tags":[],"class_list":["post-565","post","type-post","status-publish","format-standard","hentry","category-transports"],"_links":{"self":[{"href":"https:\/\/www.aperodedenis.com\/index.php?rest_route=\/wp\/v2\/posts\/565","targetHints":{"allow":["GET"]}}],"collection":[{"href":"https:\/\/www.aperodedenis.com\/index.php?rest_route=\/wp\/v2\/posts"}],"about":[{"href":"https:\/\/www.aperodedenis.com\/index.php?rest_route=\/wp\/v2\/types\/post"}],"author":[{"embeddable":true,"href":"https:\/\/www.aperodedenis.com\/index.php?rest_route=\/wp\/v2\/users\/1"}],"replies":[{"embeddable":true,"href":"https:\/\/www.aperodedenis.com\/index.php?rest_route=%2Fwp%2Fv2%2Fcomments&post=565"}],"version-history":[{"count":2,"href":"https:\/\/www.aperodedenis.com\/index.php?rest_route=\/wp\/v2\/posts\/565\/revisions"}],"predecessor-version":[{"id":1658,"href":"https:\/\/www.aperodedenis.com\/index.php?rest_route=\/wp\/v2\/posts\/565\/revisions\/1658"}],"wp:attachment":[{"href":"https:\/\/www.aperodedenis.com\/index.php?rest_route=%2Fwp%2Fv2%2Fmedia&parent=565"}],"wp:term":[{"taxonomy":"category","embeddable":true,"href":"https:\/\/www.aperodedenis.com\/index.php?rest_route=%2Fwp%2Fv2%2Fcategories&post=565"},{"taxonomy":"post_tag","embeddable":true,"href":"https:\/\/www.aperodedenis.com\/index.php?rest_route=%2Fwp%2Fv2%2Ftags&post=565"}],"curies":[{"name":"wp","href":"https:\/\/api.w.org\/{rel}","templated":true}]}}