{"id":543,"date":"2019-06-02T05:42:27","date_gmt":"2019-06-02T05:42:27","guid":{"rendered":"http:\/\/www.aperodedenis.com\/?p=543"},"modified":"2024-01-15T17:00:30","modified_gmt":"2024-01-15T17:00:30","slug":"faites-vous-plaisir-le-2-juin","status":"publish","type":"post","link":"https:\/\/www.aperodedenis.com\/?p=543","title":{"rendered":"Fa\u00eetes-vous plaisir le 2 juin 2019 !"},"content":{"rendered":"\n<div class=\"wp-block-image\"><figure class=\"alignleft is-resized\"><img loading=\"lazy\" decoding=\"async\" src=\"https:\/\/www.aperodedenis.com\/wp-content\/uploads\/1905-0007-2-.jpeg\" alt=\"\" class=\"wp-image-551\" width=\"340\" height=\"480\" srcset=\"https:\/\/www.aperodedenis.com\/wp-content\/uploads\/1905-0007-2-.jpeg 453w, https:\/\/www.aperodedenis.com\/wp-content\/uploads\/1905-0007-2--212x300.jpeg 212w\" sizes=\"auto, (max-width: 340px) 100vw, 340px\" \/><\/figure><\/div>\n\n\n\n<p>Faire la f\u00eate \u00e0 Amfreville le 2 juin<\/p>\n\n\n\n<p>Organis\u00e9 par Jean-Luc Varin, avec Mona sur sc\u00e8ne.<\/p>\n","protected":false},"excerpt":{"rendered":"<p>Faire la f\u00eate \u00e0 Amfreville le 2 juin Organis\u00e9 par Jean-Luc Varin, avec Mona sur sc\u00e8ne.<\/p>\n","protected":false},"author":1,"featured_media":0,"comment_status":"closed","ping_status":"closed","sticky":false,"template":"","format":"standard","meta":{"footnotes":""},"categories":[3],"tags":[],"class_list":["post-543","post","type-post","status-publish","format-standard","hentry","category-transports"],"_links":{"self":[{"href":"https:\/\/www.aperodedenis.com\/index.php?rest_route=\/wp\/v2\/posts\/543","targetHints":{"allow":["GET"]}}],"collection":[{"href":"https:\/\/www.aperodedenis.com\/index.php?rest_route=\/wp\/v2\/posts"}],"about":[{"href":"https:\/\/www.aperodedenis.com\/index.php?rest_route=\/wp\/v2\/types\/post"}],"author":[{"embeddable":true,"href":"https:\/\/www.aperodedenis.com\/index.php?rest_route=\/wp\/v2\/users\/1"}],"replies":[{"embeddable":true,"href":"https:\/\/www.aperodedenis.com\/index.php?rest_route=%2Fwp%2Fv2%2Fcomments&post=543"}],"version-history":[{"count":6,"href":"https:\/\/www.aperodedenis.com\/index.php?rest_route=\/wp\/v2\/posts\/543\/revisions"}],"predecessor-version":[{"id":1659,"href":"https:\/\/www.aperodedenis.com\/index.php?rest_route=\/wp\/v2\/posts\/543\/revisions\/1659"}],"wp:attachment":[{"href":"https:\/\/www.aperodedenis.com\/index.php?rest_route=%2Fwp%2Fv2%2Fmedia&parent=543"}],"wp:term":[{"taxonomy":"category","embeddable":true,"href":"https:\/\/www.aperodedenis.com\/index.php?rest_route=%2Fwp%2Fv2%2Fcategories&post=543"},{"taxonomy":"post_tag","embeddable":true,"href":"https:\/\/www.aperodedenis.com\/index.php?rest_route=%2Fwp%2Fv2%2Ftags&post=543"}],"curies":[{"name":"wp","href":"https:\/\/api.w.org\/{rel}","templated":true}]}}