{"id":435,"date":"2019-06-15T15:35:48","date_gmt":"2019-06-15T15:35:48","guid":{"rendered":"http:\/\/www.aperodedenis.com\/?p=435"},"modified":"2020-02-21T13:38:59","modified_gmt":"2020-02-21T13:38:59","slug":"transport-spation-temporel-chez-christine-et-thierry-le-samedi-15-juin-2019","status":"publish","type":"post","link":"https:\/\/www.aperodedenis.com\/?p=435","title":{"rendered":"Transport spatio temporel chez Christine et Thierry le samedi 15 juin 2019"},"content":{"rendered":"\n<div class=\"wp-block-image\"><figure class=\"alignleft\"><img loading=\"lazy\" decoding=\"async\" width=\"151\" height=\"181\" src=\"https:\/\/www.aperodedenis.com\/wp-content\/uploads\/armada.png\" alt=\"\" class=\"wp-image-439\"\/><\/figure><\/div>\n\n\n\n<p>Christine et Thierry vous invitent le samedi 15 juin 2019 en avant premi\u00e8re de la grande descente des bateaux de l&rsquo;armada.<br>Ils proposent l&rsquo;h\u00e9bergement sur place puis une ballade le long de la Seine le dimanche pour voir les bateaux&#8230;<\/p>\n\n\n\n<p>Pr\u00e9venir Christine de votre venue : la place pour dormir est limit\u00e9e.<br>Pr\u00e9parer un pique nique pour dimanche midi.<\/p>\n","protected":false},"excerpt":{"rendered":"<p>Christine et Thierry vous invitent le samedi 15 juin 2019 en avant premi\u00e8re de la grande descente des bateaux de l&rsquo;armada.Ils proposent l&rsquo;h\u00e9bergement sur place puis une ballade le long de la Seine le dimanche pour voir les bateaux&#8230; Pr\u00e9venir &hellip; <a href=\"https:\/\/www.aperodedenis.com\/?p=435\">Continuer la lecture <span class=\"meta-nav\">&rarr;<\/span><\/a><\/p>\n","protected":false},"author":1,"featured_media":0,"comment_status":"closed","ping_status":"closed","sticky":false,"template":"","format":"standard","meta":{"footnotes":""},"categories":[3],"tags":[],"class_list":["post-435","post","type-post","status-publish","format-standard","hentry","category-transports"],"_links":{"self":[{"href":"https:\/\/www.aperodedenis.com\/index.php?rest_route=\/wp\/v2\/posts\/435","targetHints":{"allow":["GET"]}}],"collection":[{"href":"https:\/\/www.aperodedenis.com\/index.php?rest_route=\/wp\/v2\/posts"}],"about":[{"href":"https:\/\/www.aperodedenis.com\/index.php?rest_route=\/wp\/v2\/types\/post"}],"author":[{"embeddable":true,"href":"https:\/\/www.aperodedenis.com\/index.php?rest_route=\/wp\/v2\/users\/1"}],"replies":[{"embeddable":true,"href":"https:\/\/www.aperodedenis.com\/index.php?rest_route=%2Fwp%2Fv2%2Fcomments&post=435"}],"version-history":[{"count":10,"href":"https:\/\/www.aperodedenis.com\/index.php?rest_route=\/wp\/v2\/posts\/435\/revisions"}],"predecessor-version":[{"id":460,"href":"https:\/\/www.aperodedenis.com\/index.php?rest_route=\/wp\/v2\/posts\/435\/revisions\/460"}],"wp:attachment":[{"href":"https:\/\/www.aperodedenis.com\/index.php?rest_route=%2Fwp%2Fv2%2Fmedia&parent=435"}],"wp:term":[{"taxonomy":"category","embeddable":true,"href":"https:\/\/www.aperodedenis.com\/index.php?rest_route=%2Fwp%2Fv2%2Fcategories&post=435"},{"taxonomy":"post_tag","embeddable":true,"href":"https:\/\/www.aperodedenis.com\/index.php?rest_route=%2Fwp%2Fv2%2Ftags&post=435"}],"curies":[{"name":"wp","href":"https:\/\/api.w.org\/{rel}","templated":true}]}}