{"id":2032,"date":"2025-10-03T12:31:52","date_gmt":"2025-10-03T12:31:52","guid":{"rendered":"https:\/\/www.aperodedenis.com\/?p=2032"},"modified":"2025-10-07T20:21:21","modified_gmt":"2025-10-07T20:21:21","slug":"apero-chez-colette-et-richard-le-4-10-25","status":"publish","type":"post","link":"https:\/\/www.aperodedenis.com\/?p=2032","title":{"rendered":"Ap\u00e9ro chez Colette et Richard le samedi 4 octobre 2025"},"content":{"rendered":"\n<p>Transport spatio-temporel le samedi 4 octobre chez Colette et Richard.<\/p>\n\n\n\n<p>lieu : salle des f\u00eates de Notre Dame de Bliquetuit<\/p>\n\n\n\n<p>A partir de 18h.<\/p>\n\n\n\n<p>Comme d&rsquo;hab, apportez quelque chose \u00e0 grignoter&#8230;<\/p>\n\n\n\n<p>Pourquoi cet ap\u00e9ro ? Pour se retrouver avant le d\u00e9part de Colette et Richard dans un trou paum\u00e9 du Tarn Et Garonne (Moli\u00e8res, \u00e0 20 minutes de Caussade, c&rsquo;est tout dire ! ) !!!!<\/p>\n\n\n\n<p>Qu&rsquo;on se le dise !<\/p>\n\n\n\n<p>Venez nombreux !<\/p>\n\n\n\n<p><\/p>\n","protected":false},"excerpt":{"rendered":"<p>Transport spatio-temporel le samedi 4 octobre chez Colette et Richard. lieu : salle des f\u00eates de Notre Dame de Bliquetuit A partir de 18h. Comme d&rsquo;hab, apportez quelque chose \u00e0 grignoter&#8230; Pourquoi cet ap\u00e9ro ? Pour se retrouver avant le &hellip; <a href=\"https:\/\/www.aperodedenis.com\/?p=2032\">Continuer la lecture <span class=\"meta-nav\">&rarr;<\/span><\/a><\/p>\n","protected":false},"author":1,"featured_media":0,"comment_status":"closed","ping_status":"closed","sticky":false,"template":"","format":"standard","meta":{"footnotes":""},"categories":[3],"tags":[],"class_list":["post-2032","post","type-post","status-publish","format-standard","hentry","category-transports"],"_links":{"self":[{"href":"https:\/\/www.aperodedenis.com\/index.php?rest_route=\/wp\/v2\/posts\/2032","targetHints":{"allow":["GET"]}}],"collection":[{"href":"https:\/\/www.aperodedenis.com\/index.php?rest_route=\/wp\/v2\/posts"}],"about":[{"href":"https:\/\/www.aperodedenis.com\/index.php?rest_route=\/wp\/v2\/types\/post"}],"author":[{"embeddable":true,"href":"https:\/\/www.aperodedenis.com\/index.php?rest_route=\/wp\/v2\/users\/1"}],"replies":[{"embeddable":true,"href":"https:\/\/www.aperodedenis.com\/index.php?rest_route=%2Fwp%2Fv2%2Fcomments&post=2032"}],"version-history":[{"count":5,"href":"https:\/\/www.aperodedenis.com\/index.php?rest_route=\/wp\/v2\/posts\/2032\/revisions"}],"predecessor-version":[{"id":2054,"href":"https:\/\/www.aperodedenis.com\/index.php?rest_route=\/wp\/v2\/posts\/2032\/revisions\/2054"}],"wp:attachment":[{"href":"https:\/\/www.aperodedenis.com\/index.php?rest_route=%2Fwp%2Fv2%2Fmedia&parent=2032"}],"wp:term":[{"taxonomy":"category","embeddable":true,"href":"https:\/\/www.aperodedenis.com\/index.php?rest_route=%2Fwp%2Fv2%2Fcategories&post=2032"},{"taxonomy":"post_tag","embeddable":true,"href":"https:\/\/www.aperodedenis.com\/index.php?rest_route=%2Fwp%2Fv2%2Ftags&post=2032"}],"curies":[{"name":"wp","href":"https:\/\/api.w.org\/{rel}","templated":true}]}}