{"id":2009,"date":"2025-08-07T17:48:25","date_gmt":"2025-08-07T17:48:25","guid":{"rendered":"https:\/\/www.aperodedenis.com\/?p=2009"},"modified":"2025-09-13T11:08:25","modified_gmt":"2025-09-13T11:08:25","slug":"transport-a-dieppe-le-8-aout","status":"publish","type":"post","link":"https:\/\/www.aperodedenis.com\/?p=2009","title":{"rendered":"Ap\u00e9ro du vendredi 15 ao\u00fbt"},"content":{"rendered":"\n<p>Transport \u00e0 Dieppe !<\/p>\n\n\n\n<p>Cabine de plage 58, pr\u00e8s de la piscine.<\/p>\n\n\n\n<p>Avec Patricia et Olivier qui nous invite dans leur cabine. Il y a m\u00eame un gaz pour r\u00e9chauffer quelque nourriture mat\u00e9rielle. Ainsi que 6 chaises et 3 tables. <\/p>\n\n\n\n<p>N&rsquo;oubliez pas les maillots de bains !<\/p>\n\n\n\n<p>C&rsquo;est le 15 ao\u00fbt : il y aura du monde, il faut limiter le nombre de voitures.<\/p>\n\n\n\n<p>Si vous avez une sono on pourra mettre de la musique (mais il n&rsquo;y a pas d&rsquo;\u00e9lectricit\u00e9).<\/p>\n\n\n\n<p>Et le soir : feu d&rsquo;artifice !!!!<\/p>\n\n\n\n<figure class=\"wp-block-image size-large\"><img loading=\"lazy\" decoding=\"async\" width=\"1024\" height=\"768\" src=\"https:\/\/www.aperodedenis.com\/wp-content\/uploads\/image-24-1024x768.png\" alt=\"\" class=\"wp-image-2011\" srcset=\"https:\/\/www.aperodedenis.com\/wp-content\/uploads\/image-24-1024x768.png 1024w, https:\/\/www.aperodedenis.com\/wp-content\/uploads\/image-24-300x225.png 300w, https:\/\/www.aperodedenis.com\/wp-content\/uploads\/image-24-768x576.png 768w, https:\/\/www.aperodedenis.com\/wp-content\/uploads\/image-24-1536x1152.png 1536w, https:\/\/www.aperodedenis.com\/wp-content\/uploads\/image-24.png 1600w\" sizes=\"auto, (max-width: 1024px) 100vw, 1024px\" \/><\/figure>\n\n\n\n<figure class=\"wp-block-image size-large\"><img loading=\"lazy\" decoding=\"async\" width=\"1024\" height=\"716\" src=\"https:\/\/www.aperodedenis.com\/wp-content\/uploads\/feu-artifice14-juillet-25-1024x716.jpg\" alt=\"\" class=\"wp-image-2026\" srcset=\"https:\/\/www.aperodedenis.com\/wp-content\/uploads\/feu-artifice14-juillet-25-1024x716.jpg 1024w, https:\/\/www.aperodedenis.com\/wp-content\/uploads\/feu-artifice14-juillet-25-300x210.jpg 300w, https:\/\/www.aperodedenis.com\/wp-content\/uploads\/feu-artifice14-juillet-25-768x537.jpg 768w, https:\/\/www.aperodedenis.com\/wp-content\/uploads\/feu-artifice14-juillet-25-1536x1074.jpg 1536w, https:\/\/www.aperodedenis.com\/wp-content\/uploads\/feu-artifice14-juillet-25-2048x1432.jpg 2048w\" sizes=\"auto, (max-width: 1024px) 100vw, 1024px\" \/><\/figure>\n","protected":false},"excerpt":{"rendered":"<p>Transport \u00e0 Dieppe ! Cabine de plage 58, pr\u00e8s de la piscine. Avec Patricia et Olivier qui nous invite dans leur cabine. Il y a m\u00eame un gaz pour r\u00e9chauffer quelque nourriture mat\u00e9rielle. Ainsi que 6 chaises et 3 tables. &hellip; <a href=\"https:\/\/www.aperodedenis.com\/?p=2009\">Continuer la lecture <span class=\"meta-nav\">&rarr;<\/span><\/a><\/p>\n","protected":false},"author":1,"featured_media":0,"comment_status":"closed","ping_status":"closed","sticky":false,"template":"","format":"standard","meta":{"footnotes":""},"categories":[3],"tags":[],"class_list":["post-2009","post","type-post","status-publish","format-standard","hentry","category-transports"],"_links":{"self":[{"href":"https:\/\/www.aperodedenis.com\/index.php?rest_route=\/wp\/v2\/posts\/2009","targetHints":{"allow":["GET"]}}],"collection":[{"href":"https:\/\/www.aperodedenis.com\/index.php?rest_route=\/wp\/v2\/posts"}],"about":[{"href":"https:\/\/www.aperodedenis.com\/index.php?rest_route=\/wp\/v2\/types\/post"}],"author":[{"embeddable":true,"href":"https:\/\/www.aperodedenis.com\/index.php?rest_route=\/wp\/v2\/users\/1"}],"replies":[{"embeddable":true,"href":"https:\/\/www.aperodedenis.com\/index.php?rest_route=%2Fwp%2Fv2%2Fcomments&post=2009"}],"version-history":[{"count":7,"href":"https:\/\/www.aperodedenis.com\/index.php?rest_route=\/wp\/v2\/posts\/2009\/revisions"}],"predecessor-version":[{"id":2027,"href":"https:\/\/www.aperodedenis.com\/index.php?rest_route=\/wp\/v2\/posts\/2009\/revisions\/2027"}],"wp:attachment":[{"href":"https:\/\/www.aperodedenis.com\/index.php?rest_route=%2Fwp%2Fv2%2Fmedia&parent=2009"}],"wp:term":[{"taxonomy":"category","embeddable":true,"href":"https:\/\/www.aperodedenis.com\/index.php?rest_route=%2Fwp%2Fv2%2Fcategories&post=2009"},{"taxonomy":"post_tag","embeddable":true,"href":"https:\/\/www.aperodedenis.com\/index.php?rest_route=%2Fwp%2Fv2%2Ftags&post=2009"}],"curies":[{"name":"wp","href":"https:\/\/api.w.org\/{rel}","templated":true}]}}