{"id":1739,"date":"2024-05-29T14:58:33","date_gmt":"2024-05-29T14:58:33","guid":{"rendered":"https:\/\/www.aperodedenis.com\/?p=1739"},"modified":"2024-06-10T14:05:05","modified_gmt":"2024-06-10T14:05:05","slug":"transport-spectacle-vendredi-31-mai-2024","status":"publish","type":"post","link":"https:\/\/www.aperodedenis.com\/?p=1739","title":{"rendered":"Transport\/Spectacle  vendredi 31 mai  2024"},"content":{"rendered":"\n<p>3\u00b0 et dernier acte de la comp\u00e9tition du COURTIVORE vendredi 31 mai \u00e0 20h au cin\u00e9ma Ariel \u00e0 Mont Saint Aignan. L&rsquo;AperoDeDenis s&rsquo;y transporte ! Il y aura les 6 derniers courts m\u00e9trages en comp\u00e9tition.<\/p>\n\n\n\n<p>Vu la collision horaire je propose un after autour d&rsquo;un verre apr\u00e8s la s\u00e9ance.<\/p>\n\n\n\n<p>Et pour les fans rendez-vous \u00e0 la finale le samedi 8 juin, 20h \u00e0 l&rsquo;Omnia : mais l\u00e0 il faut absolument r\u00e9server.<\/p>\n\n\n\n<p><\/p>\n\n\n\n<figure class=\"wp-block-image size-full\"><img loading=\"lazy\" decoding=\"async\" width=\"554\" height=\"285\" src=\"https:\/\/www.aperodedenis.com\/wp-content\/uploads\/image-14.png\" alt=\"\" class=\"wp-image-1740\" srcset=\"https:\/\/www.aperodedenis.com\/wp-content\/uploads\/image-14.png 554w, https:\/\/www.aperodedenis.com\/wp-content\/uploads\/image-14-300x154.png 300w\" sizes=\"auto, (max-width: 554px) 100vw, 554px\" \/><\/figure>\n","protected":false},"excerpt":{"rendered":"<p>3\u00b0 et dernier acte de la comp\u00e9tition du COURTIVORE vendredi 31 mai \u00e0 20h au cin\u00e9ma Ariel \u00e0 Mont Saint Aignan. L&rsquo;AperoDeDenis s&rsquo;y transporte ! Il y aura les 6 derniers courts m\u00e9trages en comp\u00e9tition. Vu la collision horaire je &hellip; <a href=\"https:\/\/www.aperodedenis.com\/?p=1739\">Continuer la lecture <span class=\"meta-nav\">&rarr;<\/span><\/a><\/p>\n","protected":false},"author":1,"featured_media":0,"comment_status":"closed","ping_status":"closed","sticky":false,"template":"","format":"standard","meta":{"footnotes":""},"categories":[3],"tags":[],"class_list":["post-1739","post","type-post","status-publish","format-standard","hentry","category-transports"],"_links":{"self":[{"href":"https:\/\/www.aperodedenis.com\/index.php?rest_route=\/wp\/v2\/posts\/1739","targetHints":{"allow":["GET"]}}],"collection":[{"href":"https:\/\/www.aperodedenis.com\/index.php?rest_route=\/wp\/v2\/posts"}],"about":[{"href":"https:\/\/www.aperodedenis.com\/index.php?rest_route=\/wp\/v2\/types\/post"}],"author":[{"embeddable":true,"href":"https:\/\/www.aperodedenis.com\/index.php?rest_route=\/wp\/v2\/users\/1"}],"replies":[{"embeddable":true,"href":"https:\/\/www.aperodedenis.com\/index.php?rest_route=%2Fwp%2Fv2%2Fcomments&post=1739"}],"version-history":[{"count":1,"href":"https:\/\/www.aperodedenis.com\/index.php?rest_route=\/wp\/v2\/posts\/1739\/revisions"}],"predecessor-version":[{"id":1741,"href":"https:\/\/www.aperodedenis.com\/index.php?rest_route=\/wp\/v2\/posts\/1739\/revisions\/1741"}],"wp:attachment":[{"href":"https:\/\/www.aperodedenis.com\/index.php?rest_route=%2Fwp%2Fv2%2Fmedia&parent=1739"}],"wp:term":[{"taxonomy":"category","embeddable":true,"href":"https:\/\/www.aperodedenis.com\/index.php?rest_route=%2Fwp%2Fv2%2Fcategories&post=1739"},{"taxonomy":"post_tag","embeddable":true,"href":"https:\/\/www.aperodedenis.com\/index.php?rest_route=%2Fwp%2Fv2%2Ftags&post=1739"}],"curies":[{"name":"wp","href":"https:\/\/api.w.org\/{rel}","templated":true}]}}