{"id":1713,"date":"2024-04-23T17:58:04","date_gmt":"2024-04-23T17:58:04","guid":{"rendered":"https:\/\/www.aperodedenis.com\/?p=1713"},"modified":"2024-05-25T20:58:24","modified_gmt":"2024-05-25T20:58:24","slug":"randonnee-samedi-27-avril","status":"publish","type":"post","link":"https:\/\/www.aperodedenis.com\/?p=1713","title":{"rendered":"Randonn\u00e9e dimanche 28 avril"},"content":{"rendered":"\n<p>Ouchka (et sa ma\u00eetresse) organisent une randonn\u00e9e \u00e0 H\u00e9nouville pr\u00e8s de Duclair.<\/p>\n\n\n\n<p>Rendez-vous \u00e0 14h sur les bords de Seine.<\/p>\n\n\n\n<p>La m\u00e9t\u00e9o a jou\u00e9 contre la rando pr\u00e9vue samedi, donc ce sera dimanche !<\/p>\n\n\n\n<figure class=\"wp-block-image size-full\"><img loading=\"lazy\" decoding=\"async\" width=\"1024\" height=\"768\" src=\"https:\/\/www.aperodedenis.com\/wp-content\/uploads\/rando-henouville-avril-2024.jpg\" alt=\"\" class=\"wp-image-1720\" srcset=\"https:\/\/www.aperodedenis.com\/wp-content\/uploads\/rando-henouville-avril-2024.jpg 1024w, https:\/\/www.aperodedenis.com\/wp-content\/uploads\/rando-henouville-avril-2024-300x225.jpg 300w, https:\/\/www.aperodedenis.com\/wp-content\/uploads\/rando-henouville-avril-2024-768x576.jpg 768w\" sizes=\"auto, (max-width: 1024px) 100vw, 1024px\" \/><\/figure>\n\n\n\n<figure class=\"wp-block-image size-large\"><img loading=\"lazy\" decoding=\"async\" width=\"1024\" height=\"768\" src=\"https:\/\/www.aperodedenis.com\/wp-content\/uploads\/P1020129-1024x768.jpg\" alt=\"\" class=\"wp-image-411\" srcset=\"https:\/\/www.aperodedenis.com\/wp-content\/uploads\/P1020129-1024x768.jpg 1024w, https:\/\/www.aperodedenis.com\/wp-content\/uploads\/P1020129-300x225.jpg 300w, https:\/\/www.aperodedenis.com\/wp-content\/uploads\/P1020129-768x576.jpg 768w, https:\/\/www.aperodedenis.com\/wp-content\/uploads\/P1020129.jpg 1440w\" sizes=\"auto, (max-width: 1024px) 100vw, 1024px\" \/><\/figure>\n","protected":false},"excerpt":{"rendered":"<p>Ouchka (et sa ma\u00eetresse) organisent une randonn\u00e9e \u00e0 H\u00e9nouville pr\u00e8s de Duclair. Rendez-vous \u00e0 14h sur les bords de Seine. La m\u00e9t\u00e9o a jou\u00e9 contre la rando pr\u00e9vue samedi, donc ce sera dimanche !<\/p>\n","protected":false},"author":1,"featured_media":0,"comment_status":"closed","ping_status":"closed","sticky":false,"template":"","format":"standard","meta":{"footnotes":""},"categories":[3],"tags":[],"class_list":["post-1713","post","type-post","status-publish","format-standard","hentry","category-transports"],"_links":{"self":[{"href":"https:\/\/www.aperodedenis.com\/index.php?rest_route=\/wp\/v2\/posts\/1713","targetHints":{"allow":["GET"]}}],"collection":[{"href":"https:\/\/www.aperodedenis.com\/index.php?rest_route=\/wp\/v2\/posts"}],"about":[{"href":"https:\/\/www.aperodedenis.com\/index.php?rest_route=\/wp\/v2\/types\/post"}],"author":[{"embeddable":true,"href":"https:\/\/www.aperodedenis.com\/index.php?rest_route=\/wp\/v2\/users\/1"}],"replies":[{"embeddable":true,"href":"https:\/\/www.aperodedenis.com\/index.php?rest_route=%2Fwp%2Fv2%2Fcomments&post=1713"}],"version-history":[{"count":3,"href":"https:\/\/www.aperodedenis.com\/index.php?rest_route=\/wp\/v2\/posts\/1713\/revisions"}],"predecessor-version":[{"id":1721,"href":"https:\/\/www.aperodedenis.com\/index.php?rest_route=\/wp\/v2\/posts\/1713\/revisions\/1721"}],"wp:attachment":[{"href":"https:\/\/www.aperodedenis.com\/index.php?rest_route=%2Fwp%2Fv2%2Fmedia&parent=1713"}],"wp:term":[{"taxonomy":"category","embeddable":true,"href":"https:\/\/www.aperodedenis.com\/index.php?rest_route=%2Fwp%2Fv2%2Fcategories&post=1713"},{"taxonomy":"post_tag","embeddable":true,"href":"https:\/\/www.aperodedenis.com\/index.php?rest_route=%2Fwp%2Fv2%2Ftags&post=1713"}],"curies":[{"name":"wp","href":"https:\/\/api.w.org\/{rel}","templated":true}]}}