{"id":1547,"date":"2024-02-02T15:57:04","date_gmt":"2024-02-02T15:57:04","guid":{"rendered":"https:\/\/www.aperodedenis.com\/?p=1547"},"modified":"2024-02-25T14:19:22","modified_gmt":"2024-02-25T14:19:22","slug":"la-french-cup-revient-les-2-et-3-fevrier","status":"publish","type":"post","link":"https:\/\/www.aperodedenis.com\/?p=1547","title":{"rendered":"La french cup revient les 2 et 3 f\u00e9vrier 2024 : transport d&rsquo;ap\u00e9ro"},"content":{"rendered":"\n<p>Transport d&rsquo;ap\u00e9ro le vendredi 2 f\u00e9vrier \u00e0 la patinoire de Rouen : c&rsquo;est l&rsquo;open de France de patinage synchronis\u00e9. Ga\u00efa et son \u00e9quipe y participent.<\/p>\n\n\n\n<p>Il faut r\u00e9server les places : www.frenchcup.fr<\/p>\n\n\n\n<figure class=\"wp-block-image size-large\"><img loading=\"lazy\" decoding=\"async\" width=\"1024\" height=\"646\" src=\"https:\/\/www.aperodedenis.com\/wp-content\/uploads\/rockettes-2024-1024x646.jpg\" alt=\"\" class=\"wp-image-1686\" srcset=\"https:\/\/www.aperodedenis.com\/wp-content\/uploads\/rockettes-2024-1024x646.jpg 1024w, https:\/\/www.aperodedenis.com\/wp-content\/uploads\/rockettes-2024-300x189.jpg 300w, https:\/\/www.aperodedenis.com\/wp-content\/uploads\/rockettes-2024-768x485.jpg 768w, https:\/\/www.aperodedenis.com\/wp-content\/uploads\/rockettes-2024-1536x969.jpg 1536w, https:\/\/www.aperodedenis.com\/wp-content\/uploads\/rockettes-2024-2048x1292.jpg 2048w\" sizes=\"auto, (max-width: 1024px) 100vw, 1024px\" \/><\/figure>\n\n\n\n<figure class=\"wp-block-image size-full\"><img loading=\"lazy\" decoding=\"async\" width=\"501\" height=\"600\" src=\"https:\/\/www.aperodedenis.com\/wp-content\/uploads\/image-11.png\" alt=\"\" class=\"wp-image-1548\" srcset=\"https:\/\/www.aperodedenis.com\/wp-content\/uploads\/image-11.png 501w, https:\/\/www.aperodedenis.com\/wp-content\/uploads\/image-11-251x300.png 251w\" sizes=\"auto, (max-width: 501px) 100vw, 501px\" \/><\/figure>\n","protected":false},"excerpt":{"rendered":"<p>Transport d&rsquo;ap\u00e9ro le vendredi 2 f\u00e9vrier \u00e0 la patinoire de Rouen : c&rsquo;est l&rsquo;open de France de patinage synchronis\u00e9. Ga\u00efa et son \u00e9quipe y participent. Il faut r\u00e9server les places : www.frenchcup.fr<\/p>\n","protected":false},"author":1,"featured_media":0,"comment_status":"closed","ping_status":"closed","sticky":false,"template":"","format":"standard","meta":{"footnotes":""},"categories":[3],"tags":[],"class_list":["post-1547","post","type-post","status-publish","format-standard","hentry","category-transports"],"_links":{"self":[{"href":"https:\/\/www.aperodedenis.com\/index.php?rest_route=\/wp\/v2\/posts\/1547","targetHints":{"allow":["GET"]}}],"collection":[{"href":"https:\/\/www.aperodedenis.com\/index.php?rest_route=\/wp\/v2\/posts"}],"about":[{"href":"https:\/\/www.aperodedenis.com\/index.php?rest_route=\/wp\/v2\/types\/post"}],"author":[{"embeddable":true,"href":"https:\/\/www.aperodedenis.com\/index.php?rest_route=\/wp\/v2\/users\/1"}],"replies":[{"embeddable":true,"href":"https:\/\/www.aperodedenis.com\/index.php?rest_route=%2Fwp%2Fv2%2Fcomments&post=1547"}],"version-history":[{"count":5,"href":"https:\/\/www.aperodedenis.com\/index.php?rest_route=\/wp\/v2\/posts\/1547\/revisions"}],"predecessor-version":[{"id":1687,"href":"https:\/\/www.aperodedenis.com\/index.php?rest_route=\/wp\/v2\/posts\/1547\/revisions\/1687"}],"wp:attachment":[{"href":"https:\/\/www.aperodedenis.com\/index.php?rest_route=%2Fwp%2Fv2%2Fmedia&parent=1547"}],"wp:term":[{"taxonomy":"category","embeddable":true,"href":"https:\/\/www.aperodedenis.com\/index.php?rest_route=%2Fwp%2Fv2%2Fcategories&post=1547"},{"taxonomy":"post_tag","embeddable":true,"href":"https:\/\/www.aperodedenis.com\/index.php?rest_route=%2Fwp%2Fv2%2Ftags&post=1547"}],"curies":[{"name":"wp","href":"https:\/\/api.w.org\/{rel}","templated":true}]}}