{"id":1418,"date":"2023-06-19T14:56:48","date_gmt":"2023-06-19T14:56:48","guid":{"rendered":"https:\/\/www.aperodedenis.com\/?p=1418"},"modified":"2023-09-02T16:01:12","modified_gmt":"2023-09-02T16:01:12","slug":"lapero-en-ete-en-vacances-du-14-juillet-au-15-aout","status":"publish","type":"post","link":"https:\/\/www.aperodedenis.com\/?p=1418","title":{"rendered":"L&rsquo;ap\u00e9ro en \u00e9t\u00e9 : en vacances du 14 juillet au 15 ao\u00fbt"},"content":{"rendered":"\n<p>Dernier ap\u00e9ro chez Denis le vendredi 7 juillet, <\/p>\n\n\n\n<figure class=\"wp-block-image size-full\"><img loading=\"lazy\" decoding=\"async\" width=\"137\" height=\"137\" src=\"https:\/\/www.aperodedenis.com\/wp-content\/uploads\/pleurs.jpg\" alt=\"\" class=\"wp-image-1384\"\/><\/figure>\n\n\n\n<p>reprise le vendredi 18 ao\u00fbt !<\/p>\n\n\n\n<figure class=\"wp-block-image size-full\"><img loading=\"lazy\" decoding=\"async\" width=\"217\" height=\"211\" src=\"https:\/\/www.aperodedenis.com\/wp-content\/uploads\/gai.jpg\" alt=\"\" class=\"wp-image-317\"\/><figcaption class=\"wp-element-caption\">chic alors !<\/figcaption><\/figure>\n","protected":false},"excerpt":{"rendered":"<p>Dernier ap\u00e9ro chez Denis le vendredi 7 juillet, reprise le vendredi 18 ao\u00fbt !<\/p>\n","protected":false},"author":1,"featured_media":0,"comment_status":"closed","ping_status":"closed","sticky":false,"template":"","format":"standard","meta":{"footnotes":""},"categories":[3],"tags":[],"class_list":["post-1418","post","type-post","status-publish","format-standard","hentry","category-transports"],"_links":{"self":[{"href":"https:\/\/www.aperodedenis.com\/index.php?rest_route=\/wp\/v2\/posts\/1418","targetHints":{"allow":["GET"]}}],"collection":[{"href":"https:\/\/www.aperodedenis.com\/index.php?rest_route=\/wp\/v2\/posts"}],"about":[{"href":"https:\/\/www.aperodedenis.com\/index.php?rest_route=\/wp\/v2\/types\/post"}],"author":[{"embeddable":true,"href":"https:\/\/www.aperodedenis.com\/index.php?rest_route=\/wp\/v2\/users\/1"}],"replies":[{"embeddable":true,"href":"https:\/\/www.aperodedenis.com\/index.php?rest_route=%2Fwp%2Fv2%2Fcomments&post=1418"}],"version-history":[{"count":1,"href":"https:\/\/www.aperodedenis.com\/index.php?rest_route=\/wp\/v2\/posts\/1418\/revisions"}],"predecessor-version":[{"id":1419,"href":"https:\/\/www.aperodedenis.com\/index.php?rest_route=\/wp\/v2\/posts\/1418\/revisions\/1419"}],"wp:attachment":[{"href":"https:\/\/www.aperodedenis.com\/index.php?rest_route=%2Fwp%2Fv2%2Fmedia&parent=1418"}],"wp:term":[{"taxonomy":"category","embeddable":true,"href":"https:\/\/www.aperodedenis.com\/index.php?rest_route=%2Fwp%2Fv2%2Fcategories&post=1418"},{"taxonomy":"post_tag","embeddable":true,"href":"https:\/\/www.aperodedenis.com\/index.php?rest_route=%2Fwp%2Fv2%2Ftags&post=1418"}],"curies":[{"name":"wp","href":"https:\/\/api.w.org\/{rel}","templated":true}]}}