{"id":1416,"date":"2023-06-13T08:14:21","date_gmt":"2023-06-13T08:14:21","guid":{"rendered":"https:\/\/www.aperodedenis.com\/?p=1416"},"modified":"2024-01-15T16:17:33","modified_gmt":"2024-01-15T16:17:33","slug":"16-juin-apero-echange-de-livres","status":"publish","type":"post","link":"https:\/\/www.aperodedenis.com\/?p=1416","title":{"rendered":"16 juin 2023 : 32 \u00b0 ap\u00e9ro \u00e9change de livres, chez Mona"},"content":{"rendered":"\n<p>Les livres \u00e9chang\u00e9s le 16 juin :<\/p>\n\n\n\n<p><a href=\"https:\/\/www.aperodedenis.com\/wp-content\/uploads\/32\u00b0-echange-de-livres-juin-2023.pdf\" target=\"_blank\" rel=\"noreferrer noopener\">https:\/\/www.aperodedenis.com\/wp-content\/uploads\/32\u00b0-echange-de-livres-juin-2023.pdf<\/a><\/p>\n\n\n\n<p>Echange pr\u00e9c\u00e9dent de d\u00e9cembre 2022  :<\/p>\n\n\n\n<p><a href=\"https:\/\/www.aperodedenis.com\/wp-content\/uploads\/31\u00b0-echange-de-livres-janvier-1.pdf\" target=\"_blank\" rel=\"noreferrer noopener\">https:\/\/www.aperodedenis.com\/wp-content\/uploads\/31\u00b0-echange-de-livres-janvier-1.pdf<\/a><\/p>\n\n\n\n<p>Et toute la biblioth\u00e8que de l&rsquo;ap\u00e9ro : tous les livres \u00e9chang\u00e9s depuis 20 ans :<\/p>\n\n\n\n<p><a href=\"https:\/\/www.aperodedenis.com\/wp-content\/uploads\/les-echanges-de-livres-de-lapero-juillet-2023.pdf\">https:\/\/www.aperodedenis.com\/wp-content\/uploads\/les-echanges-de-livres-de-lapero-juillet-2023.pdf<\/a><\/p>\n\n\n\n<figure class=\"wp-block-image size-full\"><img loading=\"lazy\" decoding=\"async\" width=\"230\" height=\"200\" src=\"https:\/\/www.aperodedenis.com\/wp-content\/uploads\/Livres.jpg\" alt=\"\" class=\"wp-image-331\"\/><\/figure>\n","protected":false},"excerpt":{"rendered":"<p>Les livres \u00e9chang\u00e9s le 16 juin : https:\/\/www.aperodedenis.com\/wp-content\/uploads\/32\u00b0-echange-de-livres-juin-2023.pdf Echange pr\u00e9c\u00e9dent de d\u00e9cembre 2022 : https:\/\/www.aperodedenis.com\/wp-content\/uploads\/31\u00b0-echange-de-livres-janvier-1.pdf Et toute la biblioth\u00e8que de l&rsquo;ap\u00e9ro : tous les livres \u00e9chang\u00e9s depuis 20 ans : https:\/\/www.aperodedenis.com\/wp-content\/uploads\/les-echanges-de-livres-de-lapero-juillet-2023.pdf<\/p>\n","protected":false},"author":1,"featured_media":0,"comment_status":"closed","ping_status":"closed","sticky":false,"template":"","format":"standard","meta":{"footnotes":""},"categories":[3],"tags":[],"class_list":["post-1416","post","type-post","status-publish","format-standard","hentry","category-transports"],"_links":{"self":[{"href":"https:\/\/www.aperodedenis.com\/index.php?rest_route=\/wp\/v2\/posts\/1416","targetHints":{"allow":["GET"]}}],"collection":[{"href":"https:\/\/www.aperodedenis.com\/index.php?rest_route=\/wp\/v2\/posts"}],"about":[{"href":"https:\/\/www.aperodedenis.com\/index.php?rest_route=\/wp\/v2\/types\/post"}],"author":[{"embeddable":true,"href":"https:\/\/www.aperodedenis.com\/index.php?rest_route=\/wp\/v2\/users\/1"}],"replies":[{"embeddable":true,"href":"https:\/\/www.aperodedenis.com\/index.php?rest_route=%2Fwp%2Fv2%2Fcomments&post=1416"}],"version-history":[{"count":8,"href":"https:\/\/www.aperodedenis.com\/index.php?rest_route=\/wp\/v2\/posts\/1416\/revisions"}],"predecessor-version":[{"id":1560,"href":"https:\/\/www.aperodedenis.com\/index.php?rest_route=\/wp\/v2\/posts\/1416\/revisions\/1560"}],"wp:attachment":[{"href":"https:\/\/www.aperodedenis.com\/index.php?rest_route=%2Fwp%2Fv2%2Fmedia&parent=1416"}],"wp:term":[{"taxonomy":"category","embeddable":true,"href":"https:\/\/www.aperodedenis.com\/index.php?rest_route=%2Fwp%2Fv2%2Fcategories&post=1416"},{"taxonomy":"post_tag","embeddable":true,"href":"https:\/\/www.aperodedenis.com\/index.php?rest_route=%2Fwp%2Fv2%2Ftags&post=1416"}],"curies":[{"name":"wp","href":"https:\/\/api.w.org\/{rel}","templated":true}]}}