{"id":1407,"date":"2023-06-18T18:51:27","date_gmt":"2023-06-18T18:51:27","guid":{"rendered":"https:\/\/www.aperodedenis.com\/?p=1407"},"modified":"2024-01-15T16:17:22","modified_gmt":"2024-01-15T16:17:22","slug":"grande-parade-dimanche-18-juin","status":"publish","type":"post","link":"https:\/\/www.aperodedenis.com\/?p=1407","title":{"rendered":"Grande parade dimanche 18 juin 2023"},"content":{"rendered":"\n<p>Catherine propose une randonn\u00e9e sur les hauts de Duclair afin d&rsquo;admirer le d\u00e9fil\u00e9 des bateaux descendant la Seine le dimanche 18 juin. Les voitures seraient gar\u00e9es pr\u00e8s de la Seine chez une amie \u00e0 Catherine.<\/p>\n\n\n\n<p>Contactez-moi pour plus de pr\u00e9cisions<\/p>\n\n\n\n<p>\/<\/p>\n\n\n\n<figure class=\"wp-block-image size-full\"><img loading=\"lazy\" decoding=\"async\" width=\"299\" height=\"168\" src=\"https:\/\/www.aperodedenis.com\/wp-content\/uploads\/image-7.png\" alt=\"\" class=\"wp-image-1408\"\/><\/figure>\n\n\n\n<p><\/p>\n","protected":false},"excerpt":{"rendered":"<p>Catherine propose une randonn\u00e9e sur les hauts de Duclair afin d&rsquo;admirer le d\u00e9fil\u00e9 des bateaux descendant la Seine le dimanche 18 juin. Les voitures seraient gar\u00e9es pr\u00e8s de la Seine chez une amie \u00e0 Catherine. Contactez-moi pour plus de pr\u00e9cisions &hellip; <a href=\"https:\/\/www.aperodedenis.com\/?p=1407\">Continuer la lecture <span class=\"meta-nav\">&rarr;<\/span><\/a><\/p>\n","protected":false},"author":1,"featured_media":0,"comment_status":"closed","ping_status":"closed","sticky":false,"template":"","format":"standard","meta":{"footnotes":""},"categories":[3],"tags":[],"class_list":["post-1407","post","type-post","status-publish","format-standard","hentry","category-transports"],"_links":{"self":[{"href":"https:\/\/www.aperodedenis.com\/index.php?rest_route=\/wp\/v2\/posts\/1407","targetHints":{"allow":["GET"]}}],"collection":[{"href":"https:\/\/www.aperodedenis.com\/index.php?rest_route=\/wp\/v2\/posts"}],"about":[{"href":"https:\/\/www.aperodedenis.com\/index.php?rest_route=\/wp\/v2\/types\/post"}],"author":[{"embeddable":true,"href":"https:\/\/www.aperodedenis.com\/index.php?rest_route=\/wp\/v2\/users\/1"}],"replies":[{"embeddable":true,"href":"https:\/\/www.aperodedenis.com\/index.php?rest_route=%2Fwp%2Fv2%2Fcomments&post=1407"}],"version-history":[{"count":2,"href":"https:\/\/www.aperodedenis.com\/index.php?rest_route=\/wp\/v2\/posts\/1407\/revisions"}],"predecessor-version":[{"id":1559,"href":"https:\/\/www.aperodedenis.com\/index.php?rest_route=\/wp\/v2\/posts\/1407\/revisions\/1559"}],"wp:attachment":[{"href":"https:\/\/www.aperodedenis.com\/index.php?rest_route=%2Fwp%2Fv2%2Fmedia&parent=1407"}],"wp:term":[{"taxonomy":"category","embeddable":true,"href":"https:\/\/www.aperodedenis.com\/index.php?rest_route=%2Fwp%2Fv2%2Fcategories&post=1407"},{"taxonomy":"post_tag","embeddable":true,"href":"https:\/\/www.aperodedenis.com\/index.php?rest_route=%2Fwp%2Fv2%2Ftags&post=1407"}],"curies":[{"name":"wp","href":"https:\/\/api.w.org\/{rel}","templated":true}]}}