{"id":1392,"date":"2023-05-01T20:40:35","date_gmt":"2023-05-01T20:40:35","guid":{"rendered":"https:\/\/www.aperodedenis.com\/?p=1392"},"modified":"2024-01-15T16:18:02","modified_gmt":"2024-01-15T16:18:02","slug":"vendredi-5-mai-transport-au-centre-andre-malraux","status":"publish","type":"post","link":"https:\/\/www.aperodedenis.com\/?p=1392","title":{"rendered":"Vendredi 5 mai 2023 : transport au centre Andr\u00e9 Malraux"},"content":{"rendered":"\n<p>Marie-Fran\u00e7oise chante avec sa \u00ab\u00a0choralealternative\u00a0\u00bb le vendredi 5 mai \u00e0 20h30 au centre Andr\u00e9 Malraux, Rouen.<\/p>\n\n\n\n<p>La soir\u00e9e s&rsquo;intitule \u00ab\u00a0Histoire d&rsquo;elles\u00a0\u00bb avec Chorale, th\u00e9\u00e2tre et d\u00e9bat (avec le GAF)<\/p>\n\n\n\n<p>R\u00e9servation conseill\u00e9e au 02 35 08 88 99<\/p>\n","protected":false},"excerpt":{"rendered":"<p>Marie-Fran\u00e7oise chante avec sa \u00ab\u00a0choralealternative\u00a0\u00bb le vendredi 5 mai \u00e0 20h30 au centre Andr\u00e9 Malraux, Rouen. La soir\u00e9e s&rsquo;intitule \u00ab\u00a0Histoire d&rsquo;elles\u00a0\u00bb avec Chorale, th\u00e9\u00e2tre et d\u00e9bat (avec le GAF) R\u00e9servation conseill\u00e9e au 02 35 08 88 99<\/p>\n","protected":false},"author":1,"featured_media":0,"comment_status":"closed","ping_status":"closed","sticky":false,"template":"","format":"standard","meta":{"footnotes":""},"categories":[3],"tags":[],"class_list":["post-1392","post","type-post","status-publish","format-standard","hentry","category-transports"],"_links":{"self":[{"href":"https:\/\/www.aperodedenis.com\/index.php?rest_route=\/wp\/v2\/posts\/1392","targetHints":{"allow":["GET"]}}],"collection":[{"href":"https:\/\/www.aperodedenis.com\/index.php?rest_route=\/wp\/v2\/posts"}],"about":[{"href":"https:\/\/www.aperodedenis.com\/index.php?rest_route=\/wp\/v2\/types\/post"}],"author":[{"embeddable":true,"href":"https:\/\/www.aperodedenis.com\/index.php?rest_route=\/wp\/v2\/users\/1"}],"replies":[{"embeddable":true,"href":"https:\/\/www.aperodedenis.com\/index.php?rest_route=%2Fwp%2Fv2%2Fcomments&post=1392"}],"version-history":[{"count":2,"href":"https:\/\/www.aperodedenis.com\/index.php?rest_route=\/wp\/v2\/posts\/1392\/revisions"}],"predecessor-version":[{"id":1563,"href":"https:\/\/www.aperodedenis.com\/index.php?rest_route=\/wp\/v2\/posts\/1392\/revisions\/1563"}],"wp:attachment":[{"href":"https:\/\/www.aperodedenis.com\/index.php?rest_route=%2Fwp%2Fv2%2Fmedia&parent=1392"}],"wp:term":[{"taxonomy":"category","embeddable":true,"href":"https:\/\/www.aperodedenis.com\/index.php?rest_route=%2Fwp%2Fv2%2Fcategories&post=1392"},{"taxonomy":"post_tag","embeddable":true,"href":"https:\/\/www.aperodedenis.com\/index.php?rest_route=%2Fwp%2Fv2%2Ftags&post=1392"}],"curies":[{"name":"wp","href":"https:\/\/api.w.org\/{rel}","templated":true}]}}