{"id":1354,"date":"2023-03-10T14:37:25","date_gmt":"2023-03-10T14:37:25","guid":{"rendered":"https:\/\/www.aperodedenis.com\/?p=1354"},"modified":"2024-01-15T16:19:14","modified_gmt":"2024-01-15T16:19:14","slug":"apero-du-31-mars-spectacle","status":"publish","type":"post","link":"https:\/\/www.aperodedenis.com\/?p=1354","title":{"rendered":"Ap\u00e9ro du 31 mars 2023 : spectacle"},"content":{"rendered":"\n<p>Ayant \u00e9cout\u00e9 la chronique (sur France Inter) de Fran\u00e7ois Morel \u00e0 8h55 ce matin vendredi 10 mars, il m&rsquo;a donn\u00e9 envie d&rsquo;aller voir le spectacle de Thomas Fersen le 31 mars \u00e0 Yvet\u00f4t.<\/p>\n\n\n\n<p>Si cela vous chante on s&rsquo;y retrouve.<\/p>\n\n\n\n<p>C&rsquo;est le vendredi 31 mars \u00e0 20h30 salle des vikings.<\/p>\n\n\n\n<p><\/p>\n\n\n\n<p>Christine nous invite apr\u00e8s le spectacle : c&rsquo;est pas loin Yvet\u00f4t&#8230;<\/p>\n\n\n\n<figure class=\"wp-block-image\"><img decoding=\"async\" src=\"https:\/\/www.radiofrance.fr\/s3\/cruiser-production\/2023\/02\/ee6381bb-d54d-45a8-a63a-fbf00aa69fcd\/860_sc_christophe-raynaud-de-lage1.jpg\" alt=\"Thomas Fersen nous fait d\u00e9ambuler dans son enfance imaginaire\"\/><\/figure>\n\n\n\n<p>Il est prudent de r\u00e9server :<\/p>\n\n\n\n<p>https:\/\/lesvikings-yvetot.fr\/yvetot\/web\/details\/thomas-fersen<\/p>\n\n\n\n<figure class=\"wp-block-image size-large\"><img decoding=\"async\" src=\"https:\/\/www.aperodedenis.com\/wp-content\/uploads\/thomas-fersen.jpg\" alt=\"\"\/><\/figure>\n","protected":false},"excerpt":{"rendered":"<p>Ayant \u00e9cout\u00e9 la chronique (sur France Inter) de Fran\u00e7ois Morel \u00e0 8h55 ce matin vendredi 10 mars, il m&rsquo;a donn\u00e9 envie d&rsquo;aller voir le spectacle de Thomas Fersen le 31 mars \u00e0 Yvet\u00f4t. Si cela vous chante on s&rsquo;y retrouve. &hellip; <a href=\"https:\/\/www.aperodedenis.com\/?p=1354\">Continuer la lecture <span class=\"meta-nav\">&rarr;<\/span><\/a><\/p>\n","protected":false},"author":1,"featured_media":0,"comment_status":"closed","ping_status":"closed","sticky":false,"template":"","format":"standard","meta":{"footnotes":""},"categories":[3],"tags":[],"class_list":["post-1354","post","type-post","status-publish","format-standard","hentry","category-transports"],"_links":{"self":[{"href":"https:\/\/www.aperodedenis.com\/index.php?rest_route=\/wp\/v2\/posts\/1354","targetHints":{"allow":["GET"]}}],"collection":[{"href":"https:\/\/www.aperodedenis.com\/index.php?rest_route=\/wp\/v2\/posts"}],"about":[{"href":"https:\/\/www.aperodedenis.com\/index.php?rest_route=\/wp\/v2\/types\/post"}],"author":[{"embeddable":true,"href":"https:\/\/www.aperodedenis.com\/index.php?rest_route=\/wp\/v2\/users\/1"}],"replies":[{"embeddable":true,"href":"https:\/\/www.aperodedenis.com\/index.php?rest_route=%2Fwp%2Fv2%2Fcomments&post=1354"}],"version-history":[{"count":8,"href":"https:\/\/www.aperodedenis.com\/index.php?rest_route=\/wp\/v2\/posts\/1354\/revisions"}],"predecessor-version":[{"id":1566,"href":"https:\/\/www.aperodedenis.com\/index.php?rest_route=\/wp\/v2\/posts\/1354\/revisions\/1566"}],"wp:attachment":[{"href":"https:\/\/www.aperodedenis.com\/index.php?rest_route=%2Fwp%2Fv2%2Fmedia&parent=1354"}],"wp:term":[{"taxonomy":"category","embeddable":true,"href":"https:\/\/www.aperodedenis.com\/index.php?rest_route=%2Fwp%2Fv2%2Fcategories&post=1354"},{"taxonomy":"post_tag","embeddable":true,"href":"https:\/\/www.aperodedenis.com\/index.php?rest_route=%2Fwp%2Fv2%2Ftags&post=1354"}],"curies":[{"name":"wp","href":"https:\/\/api.w.org\/{rel}","templated":true}]}}