{"id":1281,"date":"2022-12-02T16:39:59","date_gmt":"2022-12-02T16:39:59","guid":{"rendered":"https:\/\/www.aperodedenis.com\/?p=1281"},"modified":"2024-01-15T16:21:27","modified_gmt":"2024-01-15T16:21:27","slug":"expo-colette-cocagne","status":"publish","type":"post","link":"https:\/\/www.aperodedenis.com\/?p=1281","title":{"rendered":"Expo Colette Cocagne"},"content":{"rendered":"\n<p>Marion vous invite au vernissage le 2 d\u00e9cembre 2022, puis \u00e0 l&rsquo; expo en d\u00e9cembre et en janvier, 38 rue de Fontenelle, Rouen<\/p>\n\n\n\n<figure class=\"wp-block-image size-large\"><img loading=\"lazy\" decoding=\"async\" width=\"1024\" height=\"1024\" src=\"https:\/\/www.aperodedenis.com\/wp-content\/uploads\/RECTO-1024x1024.png\" alt=\"\" class=\"wp-image-1279\" srcset=\"https:\/\/www.aperodedenis.com\/wp-content\/uploads\/RECTO-1024x1024.png 1024w, https:\/\/www.aperodedenis.com\/wp-content\/uploads\/RECTO-300x300.png 300w, https:\/\/www.aperodedenis.com\/wp-content\/uploads\/RECTO-150x150.png 150w, https:\/\/www.aperodedenis.com\/wp-content\/uploads\/RECTO-768x768.png 768w, https:\/\/www.aperodedenis.com\/wp-content\/uploads\/RECTO.png 1063w\" sizes=\"auto, (max-width: 1024px) 100vw, 1024px\" \/><\/figure>\n\n\n\n<figure class=\"wp-block-image size-large\"><img loading=\"lazy\" decoding=\"async\" width=\"1024\" height=\"1024\" src=\"https:\/\/www.aperodedenis.com\/wp-content\/uploads\/VERSO-1024x1024.png\" alt=\"\" class=\"wp-image-1280\" srcset=\"https:\/\/www.aperodedenis.com\/wp-content\/uploads\/VERSO-1024x1024.png 1024w, https:\/\/www.aperodedenis.com\/wp-content\/uploads\/VERSO-300x300.png 300w, https:\/\/www.aperodedenis.com\/wp-content\/uploads\/VERSO-150x150.png 150w, https:\/\/www.aperodedenis.com\/wp-content\/uploads\/VERSO-768x768.png 768w, https:\/\/www.aperodedenis.com\/wp-content\/uploads\/VERSO-1536x1536.png 1536w, https:\/\/www.aperodedenis.com\/wp-content\/uploads\/VERSO.png 1772w\" sizes=\"auto, (max-width: 1024px) 100vw, 1024px\" \/><\/figure>\n","protected":false},"excerpt":{"rendered":"<p>Marion vous invite au vernissage le 2 d\u00e9cembre 2022, puis \u00e0 l&rsquo; expo en d\u00e9cembre et en janvier, 38 rue de Fontenelle, Rouen<\/p>\n","protected":false},"author":1,"featured_media":0,"comment_status":"closed","ping_status":"closed","sticky":false,"template":"","format":"standard","meta":{"footnotes":""},"categories":[3],"tags":[],"class_list":["post-1281","post","type-post","status-publish","format-standard","hentry","category-transports"],"_links":{"self":[{"href":"https:\/\/www.aperodedenis.com\/index.php?rest_route=\/wp\/v2\/posts\/1281","targetHints":{"allow":["GET"]}}],"collection":[{"href":"https:\/\/www.aperodedenis.com\/index.php?rest_route=\/wp\/v2\/posts"}],"about":[{"href":"https:\/\/www.aperodedenis.com\/index.php?rest_route=\/wp\/v2\/types\/post"}],"author":[{"embeddable":true,"href":"https:\/\/www.aperodedenis.com\/index.php?rest_route=\/wp\/v2\/users\/1"}],"replies":[{"embeddable":true,"href":"https:\/\/www.aperodedenis.com\/index.php?rest_route=%2Fwp%2Fv2%2Fcomments&post=1281"}],"version-history":[{"count":2,"href":"https:\/\/www.aperodedenis.com\/index.php?rest_route=\/wp\/v2\/posts\/1281\/revisions"}],"predecessor-version":[{"id":1577,"href":"https:\/\/www.aperodedenis.com\/index.php?rest_route=\/wp\/v2\/posts\/1281\/revisions\/1577"}],"wp:attachment":[{"href":"https:\/\/www.aperodedenis.com\/index.php?rest_route=%2Fwp%2Fv2%2Fmedia&parent=1281"}],"wp:term":[{"taxonomy":"category","embeddable":true,"href":"https:\/\/www.aperodedenis.com\/index.php?rest_route=%2Fwp%2Fv2%2Fcategories&post=1281"},{"taxonomy":"post_tag","embeddable":true,"href":"https:\/\/www.aperodedenis.com\/index.php?rest_route=%2Fwp%2Fv2%2Ftags&post=1281"}],"curies":[{"name":"wp","href":"https:\/\/api.w.org\/{rel}","templated":true}]}}