{"id":1274,"date":"2022-11-18T12:06:08","date_gmt":"2022-11-18T12:06:08","guid":{"rendered":"https:\/\/www.aperodedenis.com\/?p=1274"},"modified":"2024-01-15T16:21:51","modified_gmt":"2024-01-15T16:21:51","slug":"conference-au-munae","status":"publish","type":"post","link":"https:\/\/www.aperodedenis.com\/?p=1274","title":{"rendered":"Conf\u00e9rence au Muna\u00e9 samedi 19 novembre 2022"},"content":{"rendered":"\n<p>Saadia nous informe d&rsquo;une conf\u00e9rence samedi 19 novembre 15h rue de Bihorel :<\/p>\n\n\n\n<p>&nbsp;<a rel=\"noreferrer noopener\" href=\"https:\/\/www.reseau-canope.fr\/musee\/fr\/connaitre\/les-evenements\/evenement\/presentation-de-louvrage-crimes-de-guerre-rouen-9-juin-1940.html\" target=\"_blank\">Pr\u00e9sentation de l&rsquo;ouvrage Crimes de guerre. Rouen, 9 juin 1940 &#8211; MUNA\u00c9<\/a><\/p>\n\n\n\n<p><a href=\"https:\/\/www.reseau-canope.fr\/musee\/fr\/connaitre\/les-evenements\/evenement\/presentation-de-louvrage-crimes-de-guerre-rouen-9-juin-1940.html\">https:\/\/www.reseau-canope.fr\/musee\/fr\/connaitre\/les-evenements\/evenement\/presentation-de-louvrage-crimes-de-guerre-rouen-9-juin-1940.html<\/a><\/p>\n","protected":false},"excerpt":{"rendered":"<p>Saadia nous informe d&rsquo;une conf\u00e9rence samedi 19 novembre 15h rue de Bihorel : &nbsp;Pr\u00e9sentation de l&rsquo;ouvrage Crimes de guerre. Rouen, 9 juin 1940 &#8211; MUNA\u00c9 https:\/\/www.reseau-canope.fr\/musee\/fr\/connaitre\/les-evenements\/evenement\/presentation-de-louvrage-crimes-de-guerre-rouen-9-juin-1940.html<\/p>\n","protected":false},"author":1,"featured_media":0,"comment_status":"closed","ping_status":"closed","sticky":false,"template":"","format":"standard","meta":{"footnotes":""},"categories":[3],"tags":[],"class_list":["post-1274","post","type-post","status-publish","format-standard","hentry","category-transports"],"_links":{"self":[{"href":"https:\/\/www.aperodedenis.com\/index.php?rest_route=\/wp\/v2\/posts\/1274","targetHints":{"allow":["GET"]}}],"collection":[{"href":"https:\/\/www.aperodedenis.com\/index.php?rest_route=\/wp\/v2\/posts"}],"about":[{"href":"https:\/\/www.aperodedenis.com\/index.php?rest_route=\/wp\/v2\/types\/post"}],"author":[{"embeddable":true,"href":"https:\/\/www.aperodedenis.com\/index.php?rest_route=\/wp\/v2\/users\/1"}],"replies":[{"embeddable":true,"href":"https:\/\/www.aperodedenis.com\/index.php?rest_route=%2Fwp%2Fv2%2Fcomments&post=1274"}],"version-history":[{"count":5,"href":"https:\/\/www.aperodedenis.com\/index.php?rest_route=\/wp\/v2\/posts\/1274\/revisions"}],"predecessor-version":[{"id":1579,"href":"https:\/\/www.aperodedenis.com\/index.php?rest_route=\/wp\/v2\/posts\/1274\/revisions\/1579"}],"wp:attachment":[{"href":"https:\/\/www.aperodedenis.com\/index.php?rest_route=%2Fwp%2Fv2%2Fmedia&parent=1274"}],"wp:term":[{"taxonomy":"category","embeddable":true,"href":"https:\/\/www.aperodedenis.com\/index.php?rest_route=%2Fwp%2Fv2%2Fcategories&post=1274"},{"taxonomy":"post_tag","embeddable":true,"href":"https:\/\/www.aperodedenis.com\/index.php?rest_route=%2Fwp%2Fv2%2Ftags&post=1274"}],"curies":[{"name":"wp","href":"https:\/\/api.w.org\/{rel}","templated":true}]}}