{"id":1249,"date":"2022-11-19T18:40:48","date_gmt":"2022-11-19T18:40:48","guid":{"rendered":"https:\/\/www.aperodedenis.com\/?p=1249"},"modified":"2024-01-15T16:21:39","modified_gmt":"2024-01-15T16:21:39","slug":"coup-de-chant-le-samedi-19-novembre","status":"publish","type":"post","link":"https:\/\/www.aperodedenis.com\/?p=1249","title":{"rendered":"Coup de chant le samedi 19 novembre 2022"},"content":{"rendered":"\n<p>Vincent nous propose Coup de Chant \u00e0 Amfreville-la-Mivoie, <\/p>\n\n\n\n<p>samedi 19\/11 \u00e0 20h30, salle Simone Signoret <\/p>\n\n\n\n<p>r\u00e9servations : 0235236536<\/p>\n\n\n\n<p>Il s&rsquo;agit du m\u00eame spectacle qu&rsquo;au \u00ab\u00a0rive gauche\u00a0\u00bb  au printemps dernier.<\/p>\n\n\n\n<figure class=\"wp-block-image\"><img decoding=\"async\" src=\"https:\/\/ci3.googleusercontent.com\/proxy\/5N7F8YsfLskQA-HQrmP__TWPAgT1xxieeOIj-wwRkHr7N3F2dbQUnLvQC0rgxptKQR5IhE6cj5rb9x5WfMMfJF_c4qvu4lsQZzs=s0-d-e1-ft#http:\/\/www.coupdechant.fr\/Affiches\/Flyer_2022_11_19.jpg\" alt=\"\"\/><\/figure>\n","protected":false},"excerpt":{"rendered":"<p>Vincent nous propose Coup de Chant \u00e0 Amfreville-la-Mivoie, samedi 19\/11 \u00e0 20h30, salle Simone Signoret r\u00e9servations : 0235236536 Il s&rsquo;agit du m\u00eame spectacle qu&rsquo;au \u00ab\u00a0rive gauche\u00a0\u00bb au printemps dernier.<\/p>\n","protected":false},"author":1,"featured_media":0,"comment_status":"closed","ping_status":"closed","sticky":false,"template":"","format":"standard","meta":{"footnotes":""},"categories":[3],"tags":[],"class_list":["post-1249","post","type-post","status-publish","format-standard","hentry","category-transports"],"_links":{"self":[{"href":"https:\/\/www.aperodedenis.com\/index.php?rest_route=\/wp\/v2\/posts\/1249","targetHints":{"allow":["GET"]}}],"collection":[{"href":"https:\/\/www.aperodedenis.com\/index.php?rest_route=\/wp\/v2\/posts"}],"about":[{"href":"https:\/\/www.aperodedenis.com\/index.php?rest_route=\/wp\/v2\/types\/post"}],"author":[{"embeddable":true,"href":"https:\/\/www.aperodedenis.com\/index.php?rest_route=\/wp\/v2\/users\/1"}],"replies":[{"embeddable":true,"href":"https:\/\/www.aperodedenis.com\/index.php?rest_route=%2Fwp%2Fv2%2Fcomments&post=1249"}],"version-history":[{"count":4,"href":"https:\/\/www.aperodedenis.com\/index.php?rest_route=\/wp\/v2\/posts\/1249\/revisions"}],"predecessor-version":[{"id":1578,"href":"https:\/\/www.aperodedenis.com\/index.php?rest_route=\/wp\/v2\/posts\/1249\/revisions\/1578"}],"wp:attachment":[{"href":"https:\/\/www.aperodedenis.com\/index.php?rest_route=%2Fwp%2Fv2%2Fmedia&parent=1249"}],"wp:term":[{"taxonomy":"category","embeddable":true,"href":"https:\/\/www.aperodedenis.com\/index.php?rest_route=%2Fwp%2Fv2%2Fcategories&post=1249"},{"taxonomy":"post_tag","embeddable":true,"href":"https:\/\/www.aperodedenis.com\/index.php?rest_route=%2Fwp%2Fv2%2Ftags&post=1249"}],"curies":[{"name":"wp","href":"https:\/\/api.w.org\/{rel}","templated":true}]}}