{"id":1232,"date":"2022-11-05T15:47:39","date_gmt":"2022-11-05T15:47:39","guid":{"rendered":"https:\/\/www.aperodedenis.com\/?p=1232"},"modified":"2024-01-15T16:22:06","modified_gmt":"2024-01-15T16:22:06","slug":"apero-conte-le-samedi-5-novembre","status":"publish","type":"post","link":"https:\/\/www.aperodedenis.com\/?p=1232","title":{"rendered":"Ap\u00e9ro conte le samedi 5 novembre 2022"},"content":{"rendered":"\n<p>Attention : l&rsquo;ap\u00e9ro du vendredi 4 novembre est d\u00e9plac\u00e9 au 5 novembre<\/p>\n\n\n\n<p>Transport spatio temporel chez Evelyne pour l&rsquo;ap\u00e9ro conte devenu traditionnel&#8230;<\/p>\n\n\n\n<p>Pr\u00e9parez vos histoires !<\/p>\n\n\n\n<figure class=\"wp-block-image size-full\"><img loading=\"lazy\" decoding=\"async\" width=\"300\" height=\"107\" src=\"https:\/\/www.aperodedenis.com\/wp-content\/uploads\/th.jpg\" alt=\"conte...\" class=\"wp-image-406\"\/><\/figure>\n\n\n\n<p><\/p>\n","protected":false},"excerpt":{"rendered":"<p>Attention : l&rsquo;ap\u00e9ro du vendredi 4 novembre est d\u00e9plac\u00e9 au 5 novembre Transport spatio temporel chez Evelyne pour l&rsquo;ap\u00e9ro conte devenu traditionnel&#8230; Pr\u00e9parez vos histoires !<\/p>\n","protected":false},"author":1,"featured_media":0,"comment_status":"closed","ping_status":"closed","sticky":false,"template":"","format":"standard","meta":{"footnotes":""},"categories":[3],"tags":[],"class_list":["post-1232","post","type-post","status-publish","format-standard","hentry","category-transports"],"_links":{"self":[{"href":"https:\/\/www.aperodedenis.com\/index.php?rest_route=\/wp\/v2\/posts\/1232","targetHints":{"allow":["GET"]}}],"collection":[{"href":"https:\/\/www.aperodedenis.com\/index.php?rest_route=\/wp\/v2\/posts"}],"about":[{"href":"https:\/\/www.aperodedenis.com\/index.php?rest_route=\/wp\/v2\/types\/post"}],"author":[{"embeddable":true,"href":"https:\/\/www.aperodedenis.com\/index.php?rest_route=\/wp\/v2\/users\/1"}],"replies":[{"embeddable":true,"href":"https:\/\/www.aperodedenis.com\/index.php?rest_route=%2Fwp%2Fv2%2Fcomments&post=1232"}],"version-history":[{"count":3,"href":"https:\/\/www.aperodedenis.com\/index.php?rest_route=\/wp\/v2\/posts\/1232\/revisions"}],"predecessor-version":[{"id":1580,"href":"https:\/\/www.aperodedenis.com\/index.php?rest_route=\/wp\/v2\/posts\/1232\/revisions\/1580"}],"wp:attachment":[{"href":"https:\/\/www.aperodedenis.com\/index.php?rest_route=%2Fwp%2Fv2%2Fmedia&parent=1232"}],"wp:term":[{"taxonomy":"category","embeddable":true,"href":"https:\/\/www.aperodedenis.com\/index.php?rest_route=%2Fwp%2Fv2%2Fcategories&post=1232"},{"taxonomy":"post_tag","embeddable":true,"href":"https:\/\/www.aperodedenis.com\/index.php?rest_route=%2Fwp%2Fv2%2Ftags&post=1232"}],"curies":[{"name":"wp","href":"https:\/\/api.w.org\/{rel}","templated":true}]}}