{"id":1211,"date":"2022-09-25T12:11:30","date_gmt":"2022-09-25T12:11:30","guid":{"rendered":"https:\/\/www.aperodedenis.com\/?p=1211"},"modified":"2024-01-15T16:22:28","modified_gmt":"2024-01-15T16:22:28","slug":"dimanche-25-a-pied-ou-a-cheval","status":"publish","type":"post","link":"https:\/\/www.aperodedenis.com\/?p=1211","title":{"rendered":"Dimanche 25 septembre 2022 :  \u00e0 pied, \u00e0 bicyclette ou \u00e0 cheval !"},"content":{"rendered":"\n<p>Chantal nous propose un dimanche \u00e0 la campagne, randonn\u00e9e, pique nique, d\u00eener-spectacle <\/p>\n\n\n\n<p>&#8230; Qu&rsquo;on se le dise<\/p>\n\n\n\n<figure class=\"wp-block-image size-large\"><img loading=\"lazy\" decoding=\"async\" width=\"1024\" height=\"775\" src=\"https:\/\/www.aperodedenis.com\/wp-content\/uploads\/rando-torp-mesnil-1024x775.jpg\" alt=\"\" class=\"wp-image-1230\" srcset=\"https:\/\/www.aperodedenis.com\/wp-content\/uploads\/rando-torp-mesnil-1024x775.jpg 1024w, https:\/\/www.aperodedenis.com\/wp-content\/uploads\/rando-torp-mesnil-300x227.jpg 300w, https:\/\/www.aperodedenis.com\/wp-content\/uploads\/rando-torp-mesnil-768x581.jpg 768w, https:\/\/www.aperodedenis.com\/wp-content\/uploads\/rando-torp-mesnil-1536x1163.jpg 1536w, https:\/\/www.aperodedenis.com\/wp-content\/uploads\/rando-torp-mesnil-2048x1550.jpg 2048w\" sizes=\"auto, (max-width: 1024px) 100vw, 1024px\" \/><\/figure>\n\n\n\n<figure class=\"wp-block-image size-large\"><img loading=\"lazy\" decoding=\"async\" width=\"1024\" height=\"768\" src=\"https:\/\/www.aperodedenis.com\/wp-content\/uploads\/20220925_131308-1024x768.jpg\" alt=\"Une petite bouffe apr\u00e9s l'effort !\" class=\"wp-image-1225\" srcset=\"https:\/\/www.aperodedenis.com\/wp-content\/uploads\/20220925_131308-1024x768.jpg 1024w, https:\/\/www.aperodedenis.com\/wp-content\/uploads\/20220925_131308-300x225.jpg 300w, https:\/\/www.aperodedenis.com\/wp-content\/uploads\/20220925_131308-768x576.jpg 768w, https:\/\/www.aperodedenis.com\/wp-content\/uploads\/20220925_131308-1536x1152.jpg 1536w, https:\/\/www.aperodedenis.com\/wp-content\/uploads\/20220925_131308-2048x1536.jpg 2048w\" sizes=\"auto, (max-width: 1024px) 100vw, 1024px\" \/><\/figure>\n\n\n\n<p>pour tout savoir : <\/p>\n\n\n\n<p>https:\/\/www.facebook.com\/Les-rencontres-sur-le-plateau-420925391271406\/<\/p>\n","protected":false},"excerpt":{"rendered":"<p>Chantal nous propose un dimanche \u00e0 la campagne, randonn\u00e9e, pique nique, d\u00eener-spectacle &#8230; Qu&rsquo;on se le dise pour tout savoir : https:\/\/www.facebook.com\/Les-rencontres-sur-le-plateau-420925391271406\/<\/p>\n","protected":false},"author":1,"featured_media":0,"comment_status":"closed","ping_status":"closed","sticky":false,"template":"","format":"standard","meta":{"footnotes":""},"categories":[3],"tags":[],"class_list":["post-1211","post","type-post","status-publish","format-standard","hentry","category-transports"],"_links":{"self":[{"href":"https:\/\/www.aperodedenis.com\/index.php?rest_route=\/wp\/v2\/posts\/1211","targetHints":{"allow":["GET"]}}],"collection":[{"href":"https:\/\/www.aperodedenis.com\/index.php?rest_route=\/wp\/v2\/posts"}],"about":[{"href":"https:\/\/www.aperodedenis.com\/index.php?rest_route=\/wp\/v2\/types\/post"}],"author":[{"embeddable":true,"href":"https:\/\/www.aperodedenis.com\/index.php?rest_route=\/wp\/v2\/users\/1"}],"replies":[{"embeddable":true,"href":"https:\/\/www.aperodedenis.com\/index.php?rest_route=%2Fwp%2Fv2%2Fcomments&post=1211"}],"version-history":[{"count":10,"href":"https:\/\/www.aperodedenis.com\/index.php?rest_route=\/wp\/v2\/posts\/1211\/revisions"}],"predecessor-version":[{"id":1582,"href":"https:\/\/www.aperodedenis.com\/index.php?rest_route=\/wp\/v2\/posts\/1211\/revisions\/1582"}],"wp:attachment":[{"href":"https:\/\/www.aperodedenis.com\/index.php?rest_route=%2Fwp%2Fv2%2Fmedia&parent=1211"}],"wp:term":[{"taxonomy":"category","embeddable":true,"href":"https:\/\/www.aperodedenis.com\/index.php?rest_route=%2Fwp%2Fv2%2Fcategories&post=1211"},{"taxonomy":"post_tag","embeddable":true,"href":"https:\/\/www.aperodedenis.com\/index.php?rest_route=%2Fwp%2Fv2%2Ftags&post=1211"}],"curies":[{"name":"wp","href":"https:\/\/api.w.org\/{rel}","templated":true}]}}