{"id":1165,"date":"2022-05-20T19:30:20","date_gmt":"2022-05-20T19:30:20","guid":{"rendered":"https:\/\/www.aperodedenis.com\/?p=1165"},"modified":"2024-01-15T16:28:04","modified_gmt":"2024-01-15T16:28:04","slug":"concert-participatif-avec-bertrand-dimanche-26-jui","status":"publish","type":"post","link":"https:\/\/www.aperodedenis.com\/?p=1165","title":{"rendered":"Concert Participatif avec Bertrand, dimanche 26 juin 2022"},"content":{"rendered":"\n<p>Venez participer au ch\u0153ur d&rsquo;hommes Caug\u00e9en :<\/p>\n\n\n\n<figure class=\"wp-block-image size-large\"><img loading=\"lazy\" decoding=\"async\" width=\"1024\" height=\"310\" src=\"https:\/\/www.aperodedenis.com\/wp-content\/uploads\/bertrand-1024x310.jpg\" alt=\"\" class=\"wp-image-1185\" srcset=\"https:\/\/www.aperodedenis.com\/wp-content\/uploads\/bertrand-1024x310.jpg 1024w, https:\/\/www.aperodedenis.com\/wp-content\/uploads\/bertrand-300x91.jpg 300w, https:\/\/www.aperodedenis.com\/wp-content\/uploads\/bertrand-768x233.jpg 768w, https:\/\/www.aperodedenis.com\/wp-content\/uploads\/bertrand-1536x465.jpg 1536w, https:\/\/www.aperodedenis.com\/wp-content\/uploads\/bertrand-2048x620.jpg 2048w\" sizes=\"auto, (max-width: 1024px) 100vw, 1024px\" \/><\/figure>\n\n\n\n<h2 class=\"wp-block-heading\">                                         O\u00f9 c&rsquo;est qu&rsquo;il est ?<\/h2>\n\n\n\n<p>le dimanche 26 juin \u00e0 Petit Quevilly, \u00e9glise Saint Antoine de Padoue, 17h.<\/p>\n\n\n\n<p>Vous \u00e9couterez Bertrand et rencontrerez Jo\u00eblle&#8230;<\/p>\n\n\n\n<figure class=\"wp-block-image size-full\"><img loading=\"lazy\" decoding=\"async\" width=\"331\" height=\"470\" src=\"https:\/\/www.aperodedenis.com\/wp-content\/uploads\/image-3.png\" alt=\"\" class=\"wp-image-1166\" srcset=\"https:\/\/www.aperodedenis.com\/wp-content\/uploads\/image-3.png 331w, https:\/\/www.aperodedenis.com\/wp-content\/uploads\/image-3-211x300.png 211w\" sizes=\"auto, (max-width: 331px) 100vw, 331px\" \/><\/figure>\n","protected":false},"excerpt":{"rendered":"<p>Venez participer au ch\u0153ur d&rsquo;hommes Caug\u00e9en : O\u00f9 c&rsquo;est qu&rsquo;il est ? le dimanche 26 juin \u00e0 Petit Quevilly, \u00e9glise Saint Antoine de Padoue, 17h. Vous \u00e9couterez Bertrand et rencontrerez Jo\u00eblle&#8230;<\/p>\n","protected":false},"author":1,"featured_media":0,"comment_status":"closed","ping_status":"closed","sticky":false,"template":"","format":"standard","meta":{"footnotes":""},"categories":[3],"tags":[],"class_list":["post-1165","post","type-post","status-publish","format-standard","hentry","category-transports"],"_links":{"self":[{"href":"https:\/\/www.aperodedenis.com\/index.php?rest_route=\/wp\/v2\/posts\/1165","targetHints":{"allow":["GET"]}}],"collection":[{"href":"https:\/\/www.aperodedenis.com\/index.php?rest_route=\/wp\/v2\/posts"}],"about":[{"href":"https:\/\/www.aperodedenis.com\/index.php?rest_route=\/wp\/v2\/types\/post"}],"author":[{"embeddable":true,"href":"https:\/\/www.aperodedenis.com\/index.php?rest_route=\/wp\/v2\/users\/1"}],"replies":[{"embeddable":true,"href":"https:\/\/www.aperodedenis.com\/index.php?rest_route=%2Fwp%2Fv2%2Fcomments&post=1165"}],"version-history":[{"count":8,"href":"https:\/\/www.aperodedenis.com\/index.php?rest_route=\/wp\/v2\/posts\/1165\/revisions"}],"predecessor-version":[{"id":1587,"href":"https:\/\/www.aperodedenis.com\/index.php?rest_route=\/wp\/v2\/posts\/1165\/revisions\/1587"}],"wp:attachment":[{"href":"https:\/\/www.aperodedenis.com\/index.php?rest_route=%2Fwp%2Fv2%2Fmedia&parent=1165"}],"wp:term":[{"taxonomy":"category","embeddable":true,"href":"https:\/\/www.aperodedenis.com\/index.php?rest_route=%2Fwp%2Fv2%2Fcategories&post=1165"},{"taxonomy":"post_tag","embeddable":true,"href":"https:\/\/www.aperodedenis.com\/index.php?rest_route=%2Fwp%2Fv2%2Ftags&post=1165"}],"curies":[{"name":"wp","href":"https:\/\/api.w.org\/{rel}","templated":true}]}}