{"id":1161,"date":"2022-06-17T20:40:29","date_gmt":"2022-06-17T20:40:29","guid":{"rendered":"https:\/\/www.aperodedenis.com\/?p=1161"},"modified":"2022-09-01T07:23:07","modified_gmt":"2022-09-01T07:23:07","slug":"pas-dapero-le-8-juillet-2022-ni-le-15-ni-le-22","status":"publish","type":"post","link":"https:\/\/www.aperodedenis.com\/?p=1161","title":{"rendered":"Pas d&rsquo;ap\u00e9ro le 15 juillet 2022, ni le 22, ni le 29&#8230;. idem en ao\u00fbt !"},"content":{"rendered":"\n<p>Apr\u00e8s l&rsquo;ap\u00e9ro livre du 8 juillet, plus d&rsquo;ap\u00e9ro en juillet&#8230;<\/p>\n\n\n\n<p>C&rsquo;est les vacances !<\/p>\n\n\n\n<p>Prochain ap\u00e9ro tr\u00e8s  probablement vendredi prochain 2  septembre&#8230;<\/p>\n","protected":false},"excerpt":{"rendered":"<p>Apr\u00e8s l&rsquo;ap\u00e9ro livre du 8 juillet, plus d&rsquo;ap\u00e9ro en juillet&#8230; C&rsquo;est les vacances ! Prochain ap\u00e9ro tr\u00e8s probablement vendredi prochain 2 septembre&#8230;<\/p>\n","protected":false},"author":1,"featured_media":0,"comment_status":"closed","ping_status":"closed","sticky":false,"template":"","format":"standard","meta":{"footnotes":""},"categories":[3],"tags":[],"class_list":["post-1161","post","type-post","status-publish","format-standard","hentry","category-transports"],"_links":{"self":[{"href":"https:\/\/www.aperodedenis.com\/index.php?rest_route=\/wp\/v2\/posts\/1161","targetHints":{"allow":["GET"]}}],"collection":[{"href":"https:\/\/www.aperodedenis.com\/index.php?rest_route=\/wp\/v2\/posts"}],"about":[{"href":"https:\/\/www.aperodedenis.com\/index.php?rest_route=\/wp\/v2\/types\/post"}],"author":[{"embeddable":true,"href":"https:\/\/www.aperodedenis.com\/index.php?rest_route=\/wp\/v2\/users\/1"}],"replies":[{"embeddable":true,"href":"https:\/\/www.aperodedenis.com\/index.php?rest_route=%2Fwp%2Fv2%2Fcomments&post=1161"}],"version-history":[{"count":7,"href":"https:\/\/www.aperodedenis.com\/index.php?rest_route=\/wp\/v2\/posts\/1161\/revisions"}],"predecessor-version":[{"id":1195,"href":"https:\/\/www.aperodedenis.com\/index.php?rest_route=\/wp\/v2\/posts\/1161\/revisions\/1195"}],"wp:attachment":[{"href":"https:\/\/www.aperodedenis.com\/index.php?rest_route=%2Fwp%2Fv2%2Fmedia&parent=1161"}],"wp:term":[{"taxonomy":"category","embeddable":true,"href":"https:\/\/www.aperodedenis.com\/index.php?rest_route=%2Fwp%2Fv2%2Fcategories&post=1161"},{"taxonomy":"post_tag","embeddable":true,"href":"https:\/\/www.aperodedenis.com\/index.php?rest_route=%2Fwp%2Fv2%2Ftags&post=1161"}],"curies":[{"name":"wp","href":"https:\/\/api.w.org\/{rel}","templated":true}]}}