{"id":1140,"date":"2022-05-11T10:09:46","date_gmt":"2022-05-11T10:09:46","guid":{"rendered":"https:\/\/www.aperodedenis.com\/?p=1140"},"modified":"2024-01-15T16:29:02","modified_gmt":"2024-01-15T16:29:02","slug":"pas-dapero-le-27-mai-2022","status":"publish","type":"post","link":"https:\/\/www.aperodedenis.com\/?p=1140","title":{"rendered":"Ap\u00e9ro rando le 27 mai 2022, chez Christine !"},"content":{"rendered":"\n<p>Changement de programme : Christine propose une rando en d\u00e9but d&rsquo;apr\u00e8s midi vendredi 27 mai ! Suivi d&rsquo;un ap\u00e9ro barbecue&#8230;<\/p>\n\n\n\n<p>A bon entendeur salut !<\/p>\n\n\n\n<figure class=\"wp-block-gallery has-nested-images columns-default is-cropped wp-block-gallery-1 is-layout-flex wp-block-gallery-is-layout-flex\">\n<figure class=\"wp-block-image size-large\"><img loading=\"lazy\" decoding=\"async\" width=\"217\" height=\"211\" data-id=\"317\" src=\"https:\/\/www.aperodedenis.com\/wp-content\/uploads\/gai.jpg\" alt=\"\" class=\"wp-image-317\"\/><figcaption>chic alors !<\/figcaption><\/figure>\n<\/figure>\n\n\n\n<figure class=\"wp-block-image size-large\"><img loading=\"lazy\" decoding=\"async\" width=\"1024\" height=\"576\" src=\"https:\/\/www.aperodedenis.com\/wp-content\/uploads\/apero-christine-27-05-22-1024x576.jpg\" alt=\"\" class=\"wp-image-1149\" srcset=\"https:\/\/www.aperodedenis.com\/wp-content\/uploads\/apero-christine-27-05-22-1024x576.jpg 1024w, https:\/\/www.aperodedenis.com\/wp-content\/uploads\/apero-christine-27-05-22-300x169.jpg 300w, https:\/\/www.aperodedenis.com\/wp-content\/uploads\/apero-christine-27-05-22-768x432.jpg 768w, https:\/\/www.aperodedenis.com\/wp-content\/uploads\/apero-christine-27-05-22-1536x864.jpg 1536w, https:\/\/www.aperodedenis.com\/wp-content\/uploads\/apero-christine-27-05-22.jpg 1921w\" sizes=\"auto, (max-width: 1024px) 100vw, 1024px\" \/><\/figure>\n\n\n\n<p><\/p>\n","protected":false},"excerpt":{"rendered":"<p>Changement de programme : Christine propose une rando en d\u00e9but d&rsquo;apr\u00e8s midi vendredi 27 mai ! Suivi d&rsquo;un ap\u00e9ro barbecue&#8230; A bon entendeur salut !<\/p>\n","protected":false},"author":1,"featured_media":0,"comment_status":"closed","ping_status":"closed","sticky":false,"template":"","format":"standard","meta":{"footnotes":""},"categories":[3],"tags":[],"class_list":["post-1140","post","type-post","status-publish","format-standard","hentry","category-transports"],"_links":{"self":[{"href":"https:\/\/www.aperodedenis.com\/index.php?rest_route=\/wp\/v2\/posts\/1140","targetHints":{"allow":["GET"]}}],"collection":[{"href":"https:\/\/www.aperodedenis.com\/index.php?rest_route=\/wp\/v2\/posts"}],"about":[{"href":"https:\/\/www.aperodedenis.com\/index.php?rest_route=\/wp\/v2\/types\/post"}],"author":[{"embeddable":true,"href":"https:\/\/www.aperodedenis.com\/index.php?rest_route=\/wp\/v2\/users\/1"}],"replies":[{"embeddable":true,"href":"https:\/\/www.aperodedenis.com\/index.php?rest_route=%2Fwp%2Fv2%2Fcomments&post=1140"}],"version-history":[{"count":4,"href":"https:\/\/www.aperodedenis.com\/index.php?rest_route=\/wp\/v2\/posts\/1140\/revisions"}],"predecessor-version":[{"id":1588,"href":"https:\/\/www.aperodedenis.com\/index.php?rest_route=\/wp\/v2\/posts\/1140\/revisions\/1588"}],"wp:attachment":[{"href":"https:\/\/www.aperodedenis.com\/index.php?rest_route=%2Fwp%2Fv2%2Fmedia&parent=1140"}],"wp:term":[{"taxonomy":"category","embeddable":true,"href":"https:\/\/www.aperodedenis.com\/index.php?rest_route=%2Fwp%2Fv2%2Fcategories&post=1140"},{"taxonomy":"post_tag","embeddable":true,"href":"https:\/\/www.aperodedenis.com\/index.php?rest_route=%2Fwp%2Fv2%2Ftags&post=1140"}],"curies":[{"name":"wp","href":"https:\/\/api.w.org\/{rel}","templated":true}]}}