{"id":1080,"date":"2022-02-05T08:07:43","date_gmt":"2022-02-05T08:07:43","guid":{"rendered":"http:\/\/www.aperodedenis.com\/?p=1080"},"modified":"2024-01-15T16:33:47","modified_gmt":"2024-01-15T16:33:47","slug":"ceremonies","status":"publish","type":"post","link":"https:\/\/www.aperodedenis.com\/?p=1080","title":{"rendered":"C\u00e9r\u00e9monies 2022"},"content":{"rendered":"\n<p>La c\u00e9r\u00e9monie pour Colette est pr\u00e9vue mardi 8 mars 2022 \u00e0 15h15 au fun\u00e9rarium de Petit Quevilly.<\/p>\n\n\n\n<figure class=\"wp-block-image size-large is-resized\"><img loading=\"lazy\" decoding=\"async\" src=\"https:\/\/www.aperodedenis.com\/wp-content\/uploads\/Colette-en-2011-1024x820.jpg\" alt=\"\" class=\"wp-image-1090\" width=\"670\" height=\"536\" srcset=\"https:\/\/www.aperodedenis.com\/wp-content\/uploads\/Colette-en-2011-1024x820.jpg 1024w, https:\/\/www.aperodedenis.com\/wp-content\/uploads\/Colette-en-2011-300x240.jpg 300w, https:\/\/www.aperodedenis.com\/wp-content\/uploads\/Colette-en-2011-768x615.jpg 768w, https:\/\/www.aperodedenis.com\/wp-content\/uploads\/Colette-en-2011-1536x1230.jpg 1536w, https:\/\/www.aperodedenis.com\/wp-content\/uploads\/Colette-en-2011.jpg 1704w\" sizes=\"auto, (max-width: 670px) 100vw, 670px\" \/><figcaption class=\"wp-element-caption\">Colette Cocagne en 2011<\/figcaption><\/figure>\n\n\n\n<figure class=\"wp-block-image size-large is-resized is-style-default\"><img loading=\"lazy\" decoding=\"async\" src=\"https:\/\/www.aperodedenis.com\/wp-content\/uploads\/expo-31-25-mars-2022-2.jpg\" alt=\"\" width=\"671\" height=\"678\" title=\"Colette Cocagne - Sans titre - 2022\"\/><figcaption class=\"wp-element-caption\">Colette Cocagne &#8211; Sans titre &#8211; 2022<\/figcaption><\/figure>\n\n\n\n<p>Fran\u00e7ois re\u00e7oit les amis d&rsquo;Isabelle dimanche 13 mars 2022  \u00e0 15h chez lui.<\/p>\n\n\n\n<figure class=\"wp-block-image size-large is-resized\"><img loading=\"lazy\" decoding=\"async\" src=\"https:\/\/www.aperodedenis.com\/wp-content\/uploads\/isabelle-1019x1024.jpg\" alt=\"\" class=\"wp-image-1086\" width=\"670\" height=\"673\" srcset=\"https:\/\/www.aperodedenis.com\/wp-content\/uploads\/isabelle-1019x1024.jpg 1019w, https:\/\/www.aperodedenis.com\/wp-content\/uploads\/isabelle-298x300.jpg 298w, https:\/\/www.aperodedenis.com\/wp-content\/uploads\/isabelle-150x150.jpg 150w, https:\/\/www.aperodedenis.com\/wp-content\/uploads\/isabelle-768x772.jpg 768w, https:\/\/www.aperodedenis.com\/wp-content\/uploads\/isabelle-1528x1536.jpg 1528w, https:\/\/www.aperodedenis.com\/wp-content\/uploads\/isabelle-2037x2048.jpg 2037w\" sizes=\"auto, (max-width: 670px) 100vw, 670px\" \/><figcaption class=\"wp-element-caption\">Isabelle &#8211; fin 2021<\/figcaption><\/figure>\n","protected":false},"excerpt":{"rendered":"<p>La c\u00e9r\u00e9monie pour Colette est pr\u00e9vue mardi 8 mars 2022 \u00e0 15h15 au fun\u00e9rarium de Petit Quevilly. Fran\u00e7ois re\u00e7oit les amis d&rsquo;Isabelle dimanche 13 mars 2022 \u00e0 15h chez lui.<\/p>\n","protected":false},"author":1,"featured_media":0,"comment_status":"closed","ping_status":"closed","sticky":false,"template":"","format":"standard","meta":{"footnotes":""},"categories":[3],"tags":[],"class_list":["post-1080","post","type-post","status-publish","format-standard","hentry","category-transports"],"_links":{"self":[{"href":"https:\/\/www.aperodedenis.com\/index.php?rest_route=\/wp\/v2\/posts\/1080","targetHints":{"allow":["GET"]}}],"collection":[{"href":"https:\/\/www.aperodedenis.com\/index.php?rest_route=\/wp\/v2\/posts"}],"about":[{"href":"https:\/\/www.aperodedenis.com\/index.php?rest_route=\/wp\/v2\/types\/post"}],"author":[{"embeddable":true,"href":"https:\/\/www.aperodedenis.com\/index.php?rest_route=\/wp\/v2\/users\/1"}],"replies":[{"embeddable":true,"href":"https:\/\/www.aperodedenis.com\/index.php?rest_route=%2Fwp%2Fv2%2Fcomments&post=1080"}],"version-history":[{"count":9,"href":"https:\/\/www.aperodedenis.com\/index.php?rest_route=\/wp\/v2\/posts\/1080\/revisions"}],"predecessor-version":[{"id":1596,"href":"https:\/\/www.aperodedenis.com\/index.php?rest_route=\/wp\/v2\/posts\/1080\/revisions\/1596"}],"wp:attachment":[{"href":"https:\/\/www.aperodedenis.com\/index.php?rest_route=%2Fwp%2Fv2%2Fmedia&parent=1080"}],"wp:term":[{"taxonomy":"category","embeddable":true,"href":"https:\/\/www.aperodedenis.com\/index.php?rest_route=%2Fwp%2Fv2%2Fcategories&post=1080"},{"taxonomy":"post_tag","embeddable":true,"href":"https:\/\/www.aperodedenis.com\/index.php?rest_route=%2Fwp%2Fv2%2Ftags&post=1080"}],"curies":[{"name":"wp","href":"https:\/\/api.w.org\/{rel}","templated":true}]}}