{"id":1057,"date":"2022-02-06T21:08:17","date_gmt":"2022-02-06T21:08:17","guid":{"rendered":"http:\/\/www.aperodedenis.com\/?p=1057"},"modified":"2024-01-15T16:33:08","modified_gmt":"2024-01-15T16:33:08","slug":"mona-et-2-complices-vous-invitent-a-leur-spectacle-le-8-mars","status":"publish","type":"post","link":"https:\/\/www.aperodedenis.com\/?p=1057","title":{"rendered":"Mona et 2 complices vous invitent \u00e0 leur spectacle le 8 mars 2022"},"content":{"rendered":"\n<p>\u00ab\u00a0Mona et 2 complices conteuse et conteuse-musicienne vous invitent \u00e0 leur spectacle<\/p>\n\n\n\n<p class=\"has-text-align-center\"><strong>\u00ab\u00a0Ah! Les filles!\u00a0\u00bb<\/strong><\/p>\n\n\n\n<figure class=\"wp-block-image size-full\"><img loading=\"lazy\" decoding=\"async\" width=\"979\" height=\"426\" src=\"https:\/\/www.aperodedenis.com\/wp-content\/uploads\/les-3-filles.jpg\" alt=\"\" class=\"wp-image-1077\" srcset=\"https:\/\/www.aperodedenis.com\/wp-content\/uploads\/les-3-filles.jpg 979w, https:\/\/www.aperodedenis.com\/wp-content\/uploads\/les-3-filles-300x131.jpg 300w, https:\/\/www.aperodedenis.com\/wp-content\/uploads\/les-3-filles-768x334.jpg 768w\" sizes=\"auto, (max-width: 979px) 100vw, 979px\" \/><\/figure>\n\n\n\n<p>cr\u00e9\u00e9 en octobre 2021. On y parle des femmes, des hommes, de l&rsquo;amour, de la danse, des r\u00eaves et on s&rsquo;amuse&#8230;Courrez \u00e0 Dieppe le 8 mars pour 19h (restauration rapide) ou 20h pour le spectacle, si vous ne l&rsquo;avez pas vu ou si vos amis ne l&rsquo;ont pas vu, ou si vous voulez le revoir.. <\/p>\n\n\n\n<figure class=\"wp-block-gallery has-nested-images columns-default is-cropped wp-block-gallery-1 is-layout-flex wp-block-gallery-is-layout-flex\">\n<figure class=\"wp-block-image size-full\"><img loading=\"lazy\" decoding=\"async\" width=\"276\" height=\"386\" data-id=\"1061\" src=\"https:\/\/www.aperodedenis.com\/wp-content\/uploads\/lesRoches.jpg\" alt=\"\" class=\"wp-image-1061\" srcset=\"https:\/\/www.aperodedenis.com\/wp-content\/uploads\/lesRoches.jpg 276w, https:\/\/www.aperodedenis.com\/wp-content\/uploads\/lesRoches-215x300.jpg 215w\" sizes=\"auto, (max-width: 276px) 100vw, 276px\" \/><\/figure>\n<\/figure>\n","protected":false},"excerpt":{"rendered":"<p>\u00ab\u00a0Mona et 2 complices conteuse et conteuse-musicienne vous invitent \u00e0 leur spectacle \u00ab\u00a0Ah! Les filles!\u00a0\u00bb cr\u00e9\u00e9 en octobre 2021. On y parle des femmes, des hommes, de l&rsquo;amour, de la danse, des r\u00eaves et on s&rsquo;amuse&#8230;Courrez \u00e0 Dieppe le 8 &hellip; <a href=\"https:\/\/www.aperodedenis.com\/?p=1057\">Continuer la lecture <span class=\"meta-nav\">&rarr;<\/span><\/a><\/p>\n","protected":false},"author":1,"featured_media":0,"comment_status":"closed","ping_status":"closed","sticky":false,"template":"","format":"standard","meta":{"footnotes":""},"categories":[3],"tags":[],"class_list":["post-1057","post","type-post","status-publish","format-standard","hentry","category-transports"],"_links":{"self":[{"href":"https:\/\/www.aperodedenis.com\/index.php?rest_route=\/wp\/v2\/posts\/1057","targetHints":{"allow":["GET"]}}],"collection":[{"href":"https:\/\/www.aperodedenis.com\/index.php?rest_route=\/wp\/v2\/posts"}],"about":[{"href":"https:\/\/www.aperodedenis.com\/index.php?rest_route=\/wp\/v2\/types\/post"}],"author":[{"embeddable":true,"href":"https:\/\/www.aperodedenis.com\/index.php?rest_route=\/wp\/v2\/users\/1"}],"replies":[{"embeddable":true,"href":"https:\/\/www.aperodedenis.com\/index.php?rest_route=%2Fwp%2Fv2%2Fcomments&post=1057"}],"version-history":[{"count":9,"href":"https:\/\/www.aperodedenis.com\/index.php?rest_route=\/wp\/v2\/posts\/1057\/revisions"}],"predecessor-version":[{"id":1594,"href":"https:\/\/www.aperodedenis.com\/index.php?rest_route=\/wp\/v2\/posts\/1057\/revisions\/1594"}],"wp:attachment":[{"href":"https:\/\/www.aperodedenis.com\/index.php?rest_route=%2Fwp%2Fv2%2Fmedia&parent=1057"}],"wp:term":[{"taxonomy":"category","embeddable":true,"href":"https:\/\/www.aperodedenis.com\/index.php?rest_route=%2Fwp%2Fv2%2Fcategories&post=1057"},{"taxonomy":"post_tag","embeddable":true,"href":"https:\/\/www.aperodedenis.com\/index.php?rest_route=%2Fwp%2Fv2%2Ftags&post=1057"}],"curies":[{"name":"wp","href":"https:\/\/api.w.org\/{rel}","templated":true}]}}