{"id":1053,"date":"2022-02-07T18:44:03","date_gmt":"2022-02-07T18:44:03","guid":{"rendered":"http:\/\/www.aperodedenis.com\/?p=1053"},"modified":"2022-04-18T19:44:47","modified_gmt":"2022-04-18T19:44:47","slug":"de-la-part-de-marion-caradec","status":"publish","type":"post","link":"https:\/\/www.aperodedenis.com\/?p=1053","title":{"rendered":"de la part de Marion Caradec&#8230;"},"content":{"rendered":"\n<p>Marion nous apprend le d\u00e9c\u00e8s de sa m\u00e8re, Colette Cocagne, suite \u00e0 un infarctus cet apr\u00e8s midi premier mars 2022.<\/p>\n\n\n\n<p>Colette \u00e9tait une fid\u00e8le de l&rsquo;ap\u00e9ro depuis 18 ans.  Elle fr\u00e9quentait l&rsquo;ap\u00e9ro de fa\u00e7on intermittente mais nous avions plaisir \u00e0 visiter les expos qu&rsquo;elle abondait de ses \u0153uvres.  Car elle s&rsquo;adonnait avec constance \u00e0 sa passion : la peinture. Vendredi dernier l&rsquo;ap\u00e9ro se transportait \u00e0 l&rsquo;inauguration de l&rsquo;exposition 3+1 au rive gauche, dont elle \u00e9tait l&rsquo;une des 4 exposants.<\/p>\n\n\n\n<p>Cette disparition  brutale laisse un vide b\u00e9ant&#8230;. D&rsquo;autant qu&rsquo;il survient apr\u00e8s le d\u00e9c\u00e8s d&rsquo;isabelle Berge le 24 f\u00e9vrier, Isabelle que nous avions accueilli il y a 2 ans et demi. Le COVID et ses confinements nous ont emp\u00each\u00e9 de profiter pleinement de sa grande humanit\u00e9&#8230; <\/p>\n\n\n\n<p>Nous embrassons fortement leurs familles endeuill\u00e9es <\/p>\n\n\n\n<figure class=\"wp-block-image size-large is-resized\"><img loading=\"lazy\" decoding=\"async\" src=\"https:\/\/www.aperodedenis.com\/wp-content\/uploads\/expo-31-25-mars-2022-1024x1010.jpg\" alt=\"\" class=\"wp-image-1071\" width=\"670\" height=\"660\" srcset=\"https:\/\/www.aperodedenis.com\/wp-content\/uploads\/expo-31-25-mars-2022-1024x1010.jpg 1024w, https:\/\/www.aperodedenis.com\/wp-content\/uploads\/expo-31-25-mars-2022-300x296.jpg 300w, https:\/\/www.aperodedenis.com\/wp-content\/uploads\/expo-31-25-mars-2022-768x758.jpg 768w, https:\/\/www.aperodedenis.com\/wp-content\/uploads\/expo-31-25-mars-2022.jpg 1345w\" sizes=\"auto, (max-width: 670px) 100vw, 670px\" \/><figcaption>Colette cocagne &#8211; Sans titre &#8211; 2022<\/figcaption><\/figure>\n","protected":false},"excerpt":{"rendered":"<p>Marion nous apprend le d\u00e9c\u00e8s de sa m\u00e8re, Colette Cocagne, suite \u00e0 un infarctus cet apr\u00e8s midi premier mars 2022. Colette \u00e9tait une fid\u00e8le de l&rsquo;ap\u00e9ro depuis 18 ans. Elle fr\u00e9quentait l&rsquo;ap\u00e9ro de fa\u00e7on intermittente mais nous avions plaisir \u00e0 &hellip; <a href=\"https:\/\/www.aperodedenis.com\/?p=1053\">Continuer la lecture <span class=\"meta-nav\">&rarr;<\/span><\/a><\/p>\n","protected":false},"author":1,"featured_media":0,"comment_status":"closed","ping_status":"closed","sticky":false,"template":"","format":"standard","meta":{"footnotes":""},"categories":[3],"tags":[],"class_list":["post-1053","post","type-post","status-publish","format-standard","hentry","category-transports"],"_links":{"self":[{"href":"https:\/\/www.aperodedenis.com\/index.php?rest_route=\/wp\/v2\/posts\/1053","targetHints":{"allow":["GET"]}}],"collection":[{"href":"https:\/\/www.aperodedenis.com\/index.php?rest_route=\/wp\/v2\/posts"}],"about":[{"href":"https:\/\/www.aperodedenis.com\/index.php?rest_route=\/wp\/v2\/types\/post"}],"author":[{"embeddable":true,"href":"https:\/\/www.aperodedenis.com\/index.php?rest_route=\/wp\/v2\/users\/1"}],"replies":[{"embeddable":true,"href":"https:\/\/www.aperodedenis.com\/index.php?rest_route=%2Fwp%2Fv2%2Fcomments&post=1053"}],"version-history":[{"count":4,"href":"https:\/\/www.aperodedenis.com\/index.php?rest_route=\/wp\/v2\/posts\/1053\/revisions"}],"predecessor-version":[{"id":1089,"href":"https:\/\/www.aperodedenis.com\/index.php?rest_route=\/wp\/v2\/posts\/1053\/revisions\/1089"}],"wp:attachment":[{"href":"https:\/\/www.aperodedenis.com\/index.php?rest_route=%2Fwp%2Fv2%2Fmedia&parent=1053"}],"wp:term":[{"taxonomy":"category","embeddable":true,"href":"https:\/\/www.aperodedenis.com\/index.php?rest_route=%2Fwp%2Fv2%2Fcategories&post=1053"},{"taxonomy":"post_tag","embeddable":true,"href":"https:\/\/www.aperodedenis.com\/index.php?rest_route=%2Fwp%2Fv2%2Ftags&post=1053"}],"curies":[{"name":"wp","href":"https:\/\/api.w.org\/{rel}","templated":true}]}}